{"id":5122,"date":"2014-07-18T11:40:03","date_gmt":"2014-07-18T15:40:03","guid":{"rendered":"http:\/\/muniromeral.cl\/romeral\/?p=5122"},"modified":"2014-07-18T12:15:19","modified_gmt":"2014-07-18T16:15:19","slug":"alcalde-de-romeral-apoya-campana-invierno-seguro-achs-2014","status":"publish","type":"post","link":"https:\/\/muniromeral.cl\/romeral\/?p=5122","title":{"rendered":"Alcalde de Romeral apoy\u00f3 campa\u00f1a Invierno Seguro ACHS 2014"},"content":{"rendered":"<p><a href=\"https:\/\/muniromeral.cl\/romeral\/wp-content\/uploads\/2014\/07\/Image00053.jpg\"><img fetchpriority=\"high\" decoding=\"async\" class=\"alignleft size-medium wp-image-5129\" src=\"https:\/\/muniromeral.cl\/romeral\/wp-content\/uploads\/2014\/07\/Image00053-300x200.jpg\" alt=\"Image00053\" width=\"300\" height=\"200\" srcset=\"https:\/\/muniromeral.cl\/romeral\/wp-content\/uploads\/2014\/07\/Image00053-300x200.jpg 300w, https:\/\/muniromeral.cl\/romeral\/wp-content\/uploads\/2014\/07\/Image00053-1000x666.jpg 1000w\" sizes=\"(max-width: 300px) 100vw, 300px\" \/><\/a>Una iniciativa de la ACHS, por segundo a\u00f1o consecutivo, se realiz\u00f3 en el sector de Los Que\u00f1es, una actividad que buscaba entregar orientaci\u00f3n y regalos motivacionales a los veh\u00edculos que visitaban el lugar.<\/p>\n<p>El alcalde de Romeral, Carlos Vergara y la alcaldesa de Teno, Sandra Valenzuela, participaron en la actividad realizada por la Asociaci\u00f3n Chilena de Seguridad (ACHS), que busca generar conciencia a los turistas sobre los cuidados hacia el medio ambiente y la flora y fauna local.<\/p>\n<p>Esta campa\u00f1a denominada Invierno Seguro 2014, cuenta con el apoyo de Carabineros, las Ilustres Municipalidades de Romeral y Teno; y las empresas Cementos B\u00edo B\u00edo, Depetris, actores que buscan promover el auto cuidado en quienes visitan el sector de los Que\u00f1es, con el fin de proteger el entorno local, siendo este el segundo a\u00f1o que se lleva a cabo, teniendo muy buena recepci\u00f3n por parte de la comunidad.<\/p>\n<p>El Alcalde de Romeral, se mostr\u00f3 muy comprometido con esta campa\u00f1a porque les permite a los visitantes respetar el entorno de la precordillera romeralina, adem\u00e1s, invita a todos a que visiten Los Que\u00f1es en vacaciones para disfrutar de la nieve y de la belleza natural del sector.<\/p>\n<p>\u201cUna campa\u00f1a que incentiva a los visitantes para que tenga cuidado con el medio ambiente, con la seguridad del camino, as\u00ed que es la idea para tener unas lindas vacaciones, pero que se comparta la seguridad del camino hacia la cordillera con el cuidado de nuestro entorno\u201d, precis\u00f3 el edil romeralino.<\/p>\n<p>200 veh\u00edculos son los que en promedio logran interceptar en esta actividad que dura toda la ma\u00f1ana, con lo que al menos mil turistas, reciben la informaci\u00f3n entregada por la ACHS. Para la alcaldesa de Teno, Sandra Valenzuela, \u201ces fundamental apoyar este tipo de iniciativas, que buscan proteger a nuestras comunas de los posibles da\u00f1os que pueden sufrir nuestros hermosos paisajes naturales, debido a la falta de conciencia o desconocimiento sobre la importancia del cuidado del medio ambiente. Por eso, este es un gran paso para proteger el entorno de nuestra localidad\u201d asegur\u00f3.<\/p>\n<p>La finalidad de esta campa\u00f1a es acercarse a la comunidad y entregarle algunas medidas de seguridad y precauci\u00f3n, abord\u00e1ndolos en una actividad com\u00fan para los turistas que buscan junto a sus familias tener un momento de esparcimiento al aire libre y as\u00ed concientizarlos para que se puedan proteger y tener cuidado de no sufrir ning\u00fan incidente.<\/p>\n<p>Por su parte, Rafael Vergara, Agente de la Asociaci\u00f3n Chilena de Seguridad (ACHS) de la provincia de Curic\u00f3, explic\u00f3 que la finalidad de esta instancia es \u201cseguir con el compromiso de cara a los ciudadanos y l\u00f3gicamente cultivar lo que tiene que ver con la precauci\u00f3n con el entorno, si nosotros no nos cuidamos nadie nos va a cuidar y es una responsabilidad de todos nosotros\u201d.<\/p>\n<p>Esta iniciativa es abierta a la comunidad y tambi\u00e9n se realiza en balnearios de la provincia en los veranos y esperan tenga continuidad en el futuro, para as\u00ed lograr un cambio cultural importante en los visitantes, con el fin de que generaciones futuras puedan disfrutar de entornos como este Valle, que es uno de los lugares menos intervenidos de la zona central del pa\u00eds.<\/p>\n<p><a href=\"https:\/\/muniromeral.cl\/romeral\/wp-content\/uploads\/2014\/07\/Image00039.jpg\"><img decoding=\"async\" class=\"alignleft size-medium wp-image-5128\" src=\"https:\/\/muniromeral.cl\/romeral\/wp-content\/uploads\/2014\/07\/Image00039-300x200.jpg\" alt=\"Image00039\" width=\"300\" height=\"200\" srcset=\"https:\/\/muniromeral.cl\/romeral\/wp-content\/uploads\/2014\/07\/Image00039-300x200.jpg 300w, https:\/\/muniromeral.cl\/romeral\/wp-content\/uploads\/2014\/07\/Image00039-1000x666.jpg 1000w\" sizes=\"(max-width: 300px) 100vw, 300px\" \/><\/a> <a href=\"https:\/\/muniromeral.cl\/romeral\/wp-content\/uploads\/2014\/07\/Image00018.jpg\"><img decoding=\"async\" class=\"alignleft size-medium wp-image-5127\" src=\"https:\/\/muniromeral.cl\/romeral\/wp-content\/uploads\/2014\/07\/Image00018-300x200.jpg\" alt=\"Image00018\" width=\"300\" height=\"200\" srcset=\"https:\/\/muniromeral.cl\/romeral\/wp-content\/uploads\/2014\/07\/Image00018-300x200.jpg 300w, https:\/\/muniromeral.cl\/romeral\/wp-content\/uploads\/2014\/07\/Image00018-1000x666.jpg 1000w\" sizes=\"(max-width: 300px) 100vw, 300px\" \/><\/a> <a href=\"https:\/\/muniromeral.cl\/romeral\/wp-content\/uploads\/2014\/07\/Image00011.jpg\"><img loading=\"lazy\" decoding=\"async\" class=\"alignleft size-medium wp-image-5126\" src=\"https:\/\/muniromeral.cl\/romeral\/wp-content\/uploads\/2014\/07\/Image00011-300x200.jpg\" alt=\"Image00011\" width=\"300\" height=\"200\" srcset=\"https:\/\/muniromeral.cl\/romeral\/wp-content\/uploads\/2014\/07\/Image00011-300x200.jpg 300w, https:\/\/muniromeral.cl\/romeral\/wp-content\/uploads\/2014\/07\/Image00011-1000x666.jpg 1000w\" sizes=\"(max-width: 300px) 100vw, 300px\" \/><\/a> <a href=\"https:\/\/muniromeral.cl\/romeral\/wp-content\/uploads\/2014\/07\/Image00009.jpg\"><img loading=\"lazy\" decoding=\"async\" class=\"alignleft size-medium wp-image-5125\" src=\"https:\/\/muniromeral.cl\/romeral\/wp-content\/uploads\/2014\/07\/Image00009-300x200.jpg\" alt=\"Image00009\" width=\"300\" height=\"200\" srcset=\"https:\/\/muniromeral.cl\/romeral\/wp-content\/uploads\/2014\/07\/Image00009-300x200.jpg 300w, https:\/\/muniromeral.cl\/romeral\/wp-content\/uploads\/2014\/07\/Image00009-1000x666.jpg 1000w, https:\/\/muniromeral.cl\/romeral\/wp-content\/uploads\/2014\/07\/Image00009-75x50.jpg 75w\" sizes=\"(max-width: 300px) 100vw, 300px\" \/><\/a> <a href=\"https:\/\/muniromeral.cl\/romeral\/wp-content\/uploads\/2014\/07\/Image00005.jpg\"><img loading=\"lazy\" decoding=\"async\" class=\"alignleft size-medium wp-image-5124\" src=\"https:\/\/muniromeral.cl\/romeral\/wp-content\/uploads\/2014\/07\/Image00005-300x200.jpg\" alt=\"Image00005\" width=\"300\" height=\"200\" srcset=\"https:\/\/muniromeral.cl\/romeral\/wp-content\/uploads\/2014\/07\/Image00005-300x200.jpg 300w, https:\/\/muniromeral.cl\/romeral\/wp-content\/uploads\/2014\/07\/Image00005-1000x666.jpg 1000w\" sizes=\"(max-width: 300px) 100vw, 300px\" \/><\/a><\/p>\n","protected":false},"excerpt":{"rendered":"<p>Una iniciativa de la ACHS, por segundo a\u00f1o consecutivo, se realiz\u00f3 en el sector de Los Que\u00f1es, una actividad que buscaba entregar orientaci\u00f3n y regalos motivacionales a los veh\u00edculos que visitaban el lugar. El alcalde de Romeral, Carlos Vergara y la alcaldesa de Teno, Sandra Valenzuela, participaron en la actividad realizada por la Asociaci\u00f3n Chilena de Seguridad (ACHS), que busca generar conciencia a los turistas sobre los cuidados hacia el medio ambiente y la flora y fauna local. Esta campa\u00f1a denominada Invierno Seguro 2014, cuenta con el apoyo de Carabineros, las Ilustres Municipalidades de Romeral y Teno; y las empresas Cementos B\u00edo B\u00edo, Depetris, actores que buscan promover el auto cuidado en quienes visitan el sector de los Que\u00f1es, con el fin de proteger el entorno local, siendo este el segundo a\u00f1o que se lleva a cabo, teniendo muy buena recepci\u00f3n por parte de la comunidad. El Alcalde de Romeral, se mostr\u00f3 muy comprometido con esta campa\u00f1a porque les permite a los visitantes respetar el entorno de la precordillera romeralina, adem\u00e1s, invita a todos a que visiten Los Que\u00f1es en vacaciones para disfrutar de la nieve y de la belleza natural del sector. \u201cUna campa\u00f1a que incentiva a los visitantes para que tenga cuidado con el medio ambiente, con la seguridad del camino, as\u00ed que es la idea para tener unas lindas vacaciones, pero que se comparta la seguridad del camino hacia la cordillera con el cuidado de nuestro entorno\u201d, precis\u00f3 el edil romeralino. 200 veh\u00edculos son los que en promedio logran interceptar en esta actividad que dura toda la ma\u00f1ana, con lo que al menos mil turistas, reciben la informaci\u00f3n entregada por la ACHS. Para la alcaldesa de Teno, Sandra Valenzuela, \u201ces fundamental apoyar este tipo de iniciativas, que buscan proteger a nuestras comunas de los posibles da\u00f1os que pueden sufrir nuestros hermosos paisajes naturales, debido a la falta de conciencia o desconocimiento sobre la importancia del cuidado del medio ambiente. Por eso, este es un gran paso para proteger el entorno de nuestra localidad\u201d asegur\u00f3. La finalidad de esta campa\u00f1a es acercarse a la comunidad y entregarle algunas medidas de seguridad y precauci\u00f3n, abord\u00e1ndolos en una actividad com\u00fan para los turistas que buscan junto a sus familias tener un momento de esparcimiento al aire libre y as\u00ed concientizarlos para que se puedan proteger y tener cuidado de no sufrir ning\u00fan incidente. Por su parte, Rafael Vergara, Agente de la Asociaci\u00f3n Chilena de Seguridad (ACHS) de la provincia de Curic\u00f3, explic\u00f3 que la finalidad de esta instancia es \u201cseguir con el compromiso de cara a los ciudadanos y l\u00f3gicamente cultivar lo que tiene que ver con la precauci\u00f3n con el entorno, si nosotros no nos cuidamos nadie nos va a cuidar y es una responsabilidad de todos nosotros\u201d. Esta iniciativa es abierta a la comunidad y tambi\u00e9n se realiza en balnearios de la provincia en los veranos y esperan tenga continuidad en el futuro, para as\u00ed lograr un cambio cultural importante en los visitantes, con el fin de que generaciones futuras puedan disfrutar de entornos como este Valle, que es uno de los lugares menos intervenidos de la zona central del pa\u00eds.<\/p>\n","protected":false},"author":2,"featured_media":5125,"comment_status":"closed","ping_status":"open","sticky":false,"template":"","format":"standard","meta":{"footnotes":""},"categories":[6],"tags":[],"class_list":["post-5122","post","type-post","status-publish","format-standard","has-post-thumbnail","hentry","category-homepage"],"_links":{"self":[{"href":"https:\/\/muniromeral.cl\/romeral\/index.php?rest_route=\/wp\/v2\/posts\/5122","targetHints":{"allow":["GET"]}}],"collection":[{"href":"https:\/\/muniromeral.cl\/romeral\/index.php?rest_route=\/wp\/v2\/posts"}],"about":[{"href":"https:\/\/muniromeral.cl\/romeral\/index.php?rest_route=\/wp\/v2\/types\/post"}],"author":[{"embeddable":true,"href":"https:\/\/muniromeral.cl\/romeral\/index.php?rest_route=\/wp\/v2\/users\/2"}],"replies":[{"embeddable":true,"href":"https:\/\/muniromeral.cl\/romeral\/index.php?rest_route=%2Fwp%2Fv2%2Fcomments&post=5122"}],"version-history":[{"count":3,"href":"https:\/\/muniromeral.cl\/romeral\/index.php?rest_route=\/wp\/v2\/posts\/5122\/revisions"}],"predecessor-version":[{"id":5132,"href":"https:\/\/muniromeral.cl\/romeral\/index.php?rest_route=\/wp\/v2\/posts\/5122\/revisions\/5132"}],"wp:featuredmedia":[{"embeddable":true,"href":"https:\/\/muniromeral.cl\/romeral\/index.php?rest_route=\/wp\/v2\/media\/5125"}],"wp:attachment":[{"href":"https:\/\/muniromeral.cl\/romeral\/index.php?rest_route=%2Fwp%2Fv2%2Fmedia&parent=5122"}],"wp:term":[{"taxonomy":"category","embeddable":true,"href":"https:\/\/muniromeral.cl\/romeral\/index.php?rest_route=%2Fwp%2Fv2%2Fcategories&post=5122"},{"taxonomy":"post_tag","embeddable":true,"href":"https:\/\/muniromeral.cl\/romeral\/index.php?rest_route=%2Fwp%2Fv2%2Ftags&post=5122"}],"curies":[{"name":"wp","href":"https:\/\/api.w.org\/{rel}","templated":true}]}}