{"id":5822,"date":"2014-11-24T13:09:17","date_gmt":"2014-11-24T16:09:17","guid":{"rendered":"http:\/\/muniromeral.cl\/romeral\/?p=5822"},"modified":"2014-11-24T13:10:51","modified_gmt":"2014-11-24T16:10:51","slug":"alcalde-de-romeral-intercede-para-disminuir-tiempos-de-espera-en-trabajos-de-la-ruta-j-55","status":"publish","type":"post","link":"https:\/\/muniromeral.cl\/romeral\/?p=5822","title":{"rendered":"Alcalde de Romeral intercede para disminuir tiempos de espera en trabajos de la ruta J-55"},"content":{"rendered":"<p><a href=\"https:\/\/muniromeral.cl\/romeral\/wp-content\/uploads\/2014\/11\/IMG_5271.jpg\"><img fetchpriority=\"high\" decoding=\"async\" class=\"alignleft size-medium wp-image-5824\" src=\"https:\/\/muniromeral.cl\/romeral\/wp-content\/uploads\/2014\/11\/IMG_5271-300x168.jpg\" alt=\"IMG_5271\" width=\"300\" height=\"168\" srcset=\"https:\/\/muniromeral.cl\/romeral\/wp-content\/uploads\/2014\/11\/IMG_5271-300x168.jpg 300w, https:\/\/muniromeral.cl\/romeral\/wp-content\/uploads\/2014\/11\/IMG_5271-1000x562.jpg 1000w\" sizes=\"(max-width: 300px) 100vw, 300px\" \/><\/a>La ruta J-55\u00a0 est\u00e1 siendo reparada en su tramo derecho con vista a la cordillera por una distancia de aproximadamente 3 kil\u00f3metros, lo que ha tra\u00eddo consigo algunas molestias de quienes transitan a diario por esta v\u00eda.<\/p>\n<p>La preocupaci\u00f3n generalizada de los vecinos es que en esta fecha se transporta fruta, por lo tanto, la espera que se genera gracias a la utilizaci\u00f3n de una sola pista, puede perjudicar en tiempo de espera las condiciones de la carga.<\/p>\n<p>Por esta raz\u00f3n, el alcalde Carlos Vergara Zerega est\u00e1 preocupado por este tema y tambi\u00e9n por\u00a0 los reclamos de los vecinos, es por esta raz\u00f3n que envi\u00f3 un oficio Ordinario al Seremi de Obras P\u00fablicas Regi\u00f3n del Maule, Robinson Flores Castillo, con el fin de mitigar los trabajos de mejoramiento, para de esta manera, reducir los minutos de espera para quienes se trasladan desde y hacia Curic\u00f3 o la ruta 5 sur y evitar as\u00ed tambi\u00e9n que los camiones con fruta no esperen tanto tiempo al sol y por lo tanto se estropee la fruta.<\/p>\n<p><strong>Trabajos<\/strong><\/p>\n<p>El tramo del corte del tr\u00e1nsito comprende desde el cruce con la carretera hasta el callej\u00f3n La Uni\u00f3n y tendr\u00e1 una duraci\u00f3n aproximada de 2 meses, lo que se prev\u00e9 es que sigan los trabajos, pero que la espera no sobrepase los 5 minutos aproximados.<\/p>\n<p>Al comienzo de la obra, la distancia entre los dos puestos de banderilleros eran muy largos por lo tanto el transito se volv\u00eda lento y la espera aun m\u00e1s, no obstante gracias a la gesti\u00f3n del alcalde se han logrado acortar a un m\u00e1ximo de 600 metros, lo que hace que se agilice la espera y el tr\u00e1nsito sea m\u00e1s expedito.<\/p>\n<p>El alcalde Carlos Vergara Zerega, coment\u00f3 que estas obras son de vital importancia para la comuna debido al deterioro del camino que se produce durante el a\u00f1o, es por eso que es necesario darles mantenci\u00f3n, sin embargo, tambi\u00e9n se debe pensar en los productores de fruta que en esta fecha est\u00e1n con todo el proceso de cosecha y la fruta no puede pasar mucho tiempo bajo condiciones de calor prolongado.<\/p>\n<p>\u201cLes pido a los romeralinos que tengan paciencia porque estas son obras necesarias para la mantenci\u00f3n de nuestros caminos. Se deben hacer en estas fechas para que frag\u00fce la mezcla, pero nos ponemos en el lugar de los vecinos, por eso le pedimos al Seremi que nos ayude y juntos busquemos una soluci\u00f3n al problema de los tacos, ya que este trabajo es una mejora considerable para la comuna\u201d, coment\u00f3 el alcalde.<\/p>\n<p><a href=\"https:\/\/muniromeral.cl\/romeral\/wp-content\/uploads\/2014\/11\/IMG_5288.jpg\"><img decoding=\"async\" class=\"alignleft size-medium wp-image-5828\" src=\"https:\/\/muniromeral.cl\/romeral\/wp-content\/uploads\/2014\/11\/IMG_5288-300x168.jpg\" alt=\"IMG_5288\" width=\"300\" height=\"168\" srcset=\"https:\/\/muniromeral.cl\/romeral\/wp-content\/uploads\/2014\/11\/IMG_5288-300x168.jpg 300w, https:\/\/muniromeral.cl\/romeral\/wp-content\/uploads\/2014\/11\/IMG_5288-1000x562.jpg 1000w\" sizes=\"(max-width: 300px) 100vw, 300px\" \/><\/a> <a href=\"https:\/\/muniromeral.cl\/romeral\/wp-content\/uploads\/2014\/11\/IMG_5284.jpg\"><img decoding=\"async\" class=\"alignleft size-medium wp-image-5827\" src=\"https:\/\/muniromeral.cl\/romeral\/wp-content\/uploads\/2014\/11\/IMG_5284-300x168.jpg\" alt=\"IMG_5284\" width=\"300\" height=\"168\" srcset=\"https:\/\/muniromeral.cl\/romeral\/wp-content\/uploads\/2014\/11\/IMG_5284-300x168.jpg 300w, https:\/\/muniromeral.cl\/romeral\/wp-content\/uploads\/2014\/11\/IMG_5284-1000x562.jpg 1000w\" sizes=\"(max-width: 300px) 100vw, 300px\" \/><\/a> <a href=\"https:\/\/muniromeral.cl\/romeral\/wp-content\/uploads\/2014\/11\/IMG_5279.jpg\"><img loading=\"lazy\" decoding=\"async\" class=\"alignleft size-medium wp-image-5826\" src=\"https:\/\/muniromeral.cl\/romeral\/wp-content\/uploads\/2014\/11\/IMG_5279-300x168.jpg\" alt=\"IMG_5279\" width=\"300\" height=\"168\" srcset=\"https:\/\/muniromeral.cl\/romeral\/wp-content\/uploads\/2014\/11\/IMG_5279-300x168.jpg 300w, https:\/\/muniromeral.cl\/romeral\/wp-content\/uploads\/2014\/11\/IMG_5279-1000x562.jpg 1000w\" sizes=\"(max-width: 300px) 100vw, 300px\" \/><\/a> <a href=\"https:\/\/muniromeral.cl\/romeral\/wp-content\/uploads\/2014\/11\/IMG_5277.jpg\"><img loading=\"lazy\" decoding=\"async\" class=\"alignleft size-medium wp-image-5825\" src=\"https:\/\/muniromeral.cl\/romeral\/wp-content\/uploads\/2014\/11\/IMG_5277-300x168.jpg\" alt=\"IMG_5277\" width=\"300\" height=\"168\" srcset=\"https:\/\/muniromeral.cl\/romeral\/wp-content\/uploads\/2014\/11\/IMG_5277-300x168.jpg 300w, https:\/\/muniromeral.cl\/romeral\/wp-content\/uploads\/2014\/11\/IMG_5277-1000x562.jpg 1000w\" sizes=\"(max-width: 300px) 100vw, 300px\" \/><\/a> <a href=\"https:\/\/muniromeral.cl\/romeral\/wp-content\/uploads\/2014\/11\/IMG_5271.jpg\"><img fetchpriority=\"high\" decoding=\"async\" class=\"alignleft size-medium wp-image-5824\" src=\"https:\/\/muniromeral.cl\/romeral\/wp-content\/uploads\/2014\/11\/IMG_5271-300x168.jpg\" alt=\"IMG_5271\" width=\"300\" height=\"168\" srcset=\"https:\/\/muniromeral.cl\/romeral\/wp-content\/uploads\/2014\/11\/IMG_5271-300x168.jpg 300w, https:\/\/muniromeral.cl\/romeral\/wp-content\/uploads\/2014\/11\/IMG_5271-1000x562.jpg 1000w\" sizes=\"(max-width: 300px) 100vw, 300px\" \/><\/a> <a href=\"https:\/\/muniromeral.cl\/romeral\/wp-content\/uploads\/2014\/11\/IMG_5269.jpg\"><img loading=\"lazy\" decoding=\"async\" class=\"alignleft size-medium wp-image-5823\" src=\"https:\/\/muniromeral.cl\/romeral\/wp-content\/uploads\/2014\/11\/IMG_5269-300x168.jpg\" alt=\"IMG_5269\" width=\"300\" height=\"168\" srcset=\"https:\/\/muniromeral.cl\/romeral\/wp-content\/uploads\/2014\/11\/IMG_5269-300x168.jpg 300w, https:\/\/muniromeral.cl\/romeral\/wp-content\/uploads\/2014\/11\/IMG_5269-1000x562.jpg 1000w\" sizes=\"(max-width: 300px) 100vw, 300px\" \/><\/a><\/p>\n<p>&nbsp;<\/p>\n","protected":false},"excerpt":{"rendered":"<p>La ruta J-55\u00a0 est\u00e1 siendo reparada en su tramo derecho con vista a la cordillera por una distancia de aproximadamente 3 kil\u00f3metros, lo que ha tra\u00eddo consigo algunas molestias de quienes transitan a diario por esta v\u00eda. La preocupaci\u00f3n generalizada de los vecinos es que en esta fecha se transporta fruta, por lo tanto, la espera que se genera gracias a la utilizaci\u00f3n de una sola pista, puede perjudicar en tiempo de espera las condiciones de la carga. Por esta raz\u00f3n, el alcalde Carlos Vergara Zerega est\u00e1 preocupado por este tema y tambi\u00e9n por\u00a0 los reclamos de los vecinos, es por esta raz\u00f3n que envi\u00f3 un oficio Ordinario al Seremi de Obras P\u00fablicas Regi\u00f3n del Maule, Robinson Flores Castillo, con el fin de mitigar los trabajos de mejoramiento, para de esta manera, reducir los minutos de espera para quienes se trasladan desde y hacia Curic\u00f3 o la ruta 5 sur y evitar as\u00ed tambi\u00e9n que los camiones con fruta no esperen tanto tiempo al sol y por lo tanto se estropee la fruta. Trabajos El tramo del corte del tr\u00e1nsito comprende desde el cruce con la carretera hasta el callej\u00f3n La Uni\u00f3n y tendr\u00e1 una duraci\u00f3n aproximada de 2 meses, lo que se prev\u00e9 es que sigan los trabajos, pero que la espera no sobrepase los 5 minutos aproximados. Al comienzo de la obra, la distancia entre los dos puestos de banderilleros eran muy largos por lo tanto el transito se volv\u00eda lento y la espera aun m\u00e1s, no obstante gracias a la gesti\u00f3n del alcalde se han logrado acortar a un m\u00e1ximo de 600 metros, lo que hace que se agilice la espera y el tr\u00e1nsito sea m\u00e1s expedito. El alcalde Carlos Vergara Zerega, coment\u00f3 que estas obras son de vital importancia para la comuna debido al deterioro del camino que se produce durante el a\u00f1o, es por eso que es necesario darles mantenci\u00f3n, sin embargo, tambi\u00e9n se debe pensar en los productores de fruta que en esta fecha est\u00e1n con todo el proceso de cosecha y la fruta no puede pasar mucho tiempo bajo condiciones de calor prolongado. \u201cLes pido a los romeralinos que tengan paciencia porque estas son obras necesarias para la mantenci\u00f3n de nuestros caminos. Se deben hacer en estas fechas para que frag\u00fce la mezcla, pero nos ponemos en el lugar de los vecinos, por eso le pedimos al Seremi que nos ayude y juntos busquemos una soluci\u00f3n al problema de los tacos, ya que este trabajo es una mejora considerable para la comuna\u201d, coment\u00f3 el alcalde. &nbsp;<\/p>\n","protected":false},"author":2,"featured_media":5825,"comment_status":"closed","ping_status":"open","sticky":false,"template":"","format":"standard","meta":{"footnotes":""},"categories":[6],"tags":[],"class_list":["post-5822","post","type-post","status-publish","format-standard","has-post-thumbnail","hentry","category-homepage"],"_links":{"self":[{"href":"https:\/\/muniromeral.cl\/romeral\/index.php?rest_route=\/wp\/v2\/posts\/5822","targetHints":{"allow":["GET"]}}],"collection":[{"href":"https:\/\/muniromeral.cl\/romeral\/index.php?rest_route=\/wp\/v2\/posts"}],"about":[{"href":"https:\/\/muniromeral.cl\/romeral\/index.php?rest_route=\/wp\/v2\/types\/post"}],"author":[{"embeddable":true,"href":"https:\/\/muniromeral.cl\/romeral\/index.php?rest_route=\/wp\/v2\/users\/2"}],"replies":[{"embeddable":true,"href":"https:\/\/muniromeral.cl\/romeral\/index.php?rest_route=%2Fwp%2Fv2%2Fcomments&post=5822"}],"version-history":[{"count":1,"href":"https:\/\/muniromeral.cl\/romeral\/index.php?rest_route=\/wp\/v2\/posts\/5822\/revisions"}],"predecessor-version":[{"id":5829,"href":"https:\/\/muniromeral.cl\/romeral\/index.php?rest_route=\/wp\/v2\/posts\/5822\/revisions\/5829"}],"wp:featuredmedia":[{"embeddable":true,"href":"https:\/\/muniromeral.cl\/romeral\/index.php?rest_route=\/wp\/v2\/media\/5825"}],"wp:attachment":[{"href":"https:\/\/muniromeral.cl\/romeral\/index.php?rest_route=%2Fwp%2Fv2%2Fmedia&parent=5822"}],"wp:term":[{"taxonomy":"category","embeddable":true,"href":"https:\/\/muniromeral.cl\/romeral\/index.php?rest_route=%2Fwp%2Fv2%2Fcategories&post=5822"},{"taxonomy":"post_tag","embeddable":true,"href":"https:\/\/muniromeral.cl\/romeral\/index.php?rest_route=%2Fwp%2Fv2%2Ftags&post=5822"}],"curies":[{"name":"wp","href":"https:\/\/api.w.org\/{rel}","templated":true}]}}