{"id":6139,"date":"2014-12-18T09:48:40","date_gmt":"2014-12-18T12:48:40","guid":{"rendered":"http:\/\/muniromeral.cl\/romeral\/?p=6139"},"modified":"2014-12-18T09:48:40","modified_gmt":"2014-12-18T12:48:40","slug":"el-paso-vergara-es-abierto-oficialmente-para-esta-temporada-2","status":"publish","type":"post","link":"https:\/\/muniromeral.cl\/romeral\/?p=6139","title":{"rendered":"El Paso Vergara es abierto oficialmente para esta temporada"},"content":{"rendered":"<p><a href=\"https:\/\/muniromeral.cl\/romeral\/wp-content\/uploads\/2014\/12\/IMG_0800.jpg\"><img fetchpriority=\"high\" decoding=\"async\" class=\"alignleft size-medium wp-image-6147\" src=\"https:\/\/muniromeral.cl\/romeral\/wp-content\/uploads\/2014\/12\/IMG_0800-300x200.jpg\" alt=\"IMG_0800\" width=\"300\" height=\"200\" srcset=\"https:\/\/muniromeral.cl\/romeral\/wp-content\/uploads\/2014\/12\/IMG_0800-300x200.jpg 300w, https:\/\/muniromeral.cl\/romeral\/wp-content\/uploads\/2014\/12\/IMG_0800-1000x666.jpg 1000w, https:\/\/muniromeral.cl\/romeral\/wp-content\/uploads\/2014\/12\/IMG_0800-75x50.jpg 75w\" sizes=\"(max-width: 300px) 100vw, 300px\" \/><\/a>Con el correspondiente levantamiento simb\u00f3lico de la barrera de Pare por parte del Alcalde de Romeral, Carlos Vergara Zerega, el Seremi de Obras P\u00fablicas, Robinson Flores y la Gobernadora de Curic\u00f3, Cristina Bravo, qued\u00f3 oficialmente abierto el Paso Internacional Vergara de nuestra comuna, y con ello habilitado el tr\u00e1nsito entre Chile y Argentina a trav\u00e9s de ese sector cordillerano, hasta aproximadamente el mes de marzo del pr\u00f3ximo a\u00f1o.<\/p>\n<p>De esta forma\u00a0se abre el tr\u00e1nsito a trav\u00e9s de este hito lim\u00edtrofe entre ambas naciones, para lo cual en sector denominado como ba\u00f1os San Pedro, en territorio chileno, entra en operaciones el Centro Aduanero Paso Vergara, en donde se desarrollar\u00e1n los controles respectivos a los visitantes que salgan e ingresen al pa\u00eds por este lugar, fiscalizaciones a cargo de carabineros, PDI, SAG, \u00a0Aduanas y de Seguridad PMA.<\/p>\n<p>El alcalde de Romeral, ha trabajado para que el Paso Vergara se transforme en una alternativa efectiva al paso Pehuenche y por eso ha promocionado a este paso lim\u00edtrofe como una puerta al turismo, y por eso hace extensiva la invitaci\u00f3n al tr\u00e1nsito por esta v\u00eda debido a la cercan\u00eda con Argentina y por la belleza de sus parajes naturales.<\/p>\n<p>\u201cMandamos un mensaje a toda la comunidad del Maule para conocer este Paso que ya est\u00e1 habilitado para todo tipo de m\u00e1quinas y que tengamos una linda temporada estival con numerosos turistas transitando por esta ruta\u201d, coment\u00f3 el edil.<\/p>\n<p>Adem\u00e1s, agradeci\u00f3 a la gobernadora y a los servicios la disposici\u00f3n para abrir pronto el Paso, a\u00fan con las complejidades presentadas por la nieve, sin embargo, ameritaba la apertura por la integraci\u00f3n que propicia entre ambos pa\u00edses.<\/p>\n<p>Por su parte, la gobernadora Cristina Bravo, hizo extensiva la invitaci\u00f3n a toda la provincia de Curic\u00f3 para que se atrevan a cruzar al vecino pa\u00eds por este paso y adem\u00e1s inst\u00f3 a los romeralinos a promocionar sus hermosos parajes para recibir a los turistas que visitan la costa o los valles de la provincia y ser la primera parada de quienes cruzan el paso hacia Chile.<\/p>\n<p><strong>Buen estado del camino <\/strong><\/p>\n<p>El alcalde junto al Seremi del MOP precisaron que la v\u00eda hacia el Paso Vergara se encuentra en condiciones de transitabilidad regulares, aptas para todo tipo de veh\u00edculos pero con precauci\u00f3n. Asimismo, se indic\u00f3 que el tr\u00e1nsito entre desde Chile a Argentina se puede realizar desde las 08:00 hasta las 19:00 horas, todos los d\u00edas, por lo cual antes y despu\u00e9s de esos horarios los controles no permitir\u00e1n preventivamente el paso. Asimismo desde Argentina a nuestro pa\u00eds ser\u00e1 desde las 8:00 horas hasta las 20:00 horas.<\/p>\n<p>Por \u00faltimo, se explic\u00f3 para acceder a territorio argentino, se debe portar Cedula de Identidad al d\u00eda, documentaci\u00f3n del veh\u00edculo al d\u00eda y a nombre del conductor como propietario, mientras que los ni\u00f1os tambi\u00e9n deben portar su cedula de identidad, y de no viajar con sus padres, deber exhibir en el control, una autorizaci\u00f3n notarial que les permita viajar fuera del pa\u00eds.<\/p>\n<p><a href=\"https:\/\/muniromeral.cl\/romeral\/wp-content\/uploads\/2014\/12\/Image000692.jpg\"><img decoding=\"async\" class=\"alignleft size-medium wp-image-6146\" src=\"https:\/\/muniromeral.cl\/romeral\/wp-content\/uploads\/2014\/12\/Image000692-300x200.jpg\" alt=\"Image00069\" width=\"300\" height=\"200\" srcset=\"https:\/\/muniromeral.cl\/romeral\/wp-content\/uploads\/2014\/12\/Image000692-300x200.jpg 300w, https:\/\/muniromeral.cl\/romeral\/wp-content\/uploads\/2014\/12\/Image000692-1000x666.jpg 1000w\" sizes=\"(max-width: 300px) 100vw, 300px\" \/><\/a> <a href=\"https:\/\/muniromeral.cl\/romeral\/wp-content\/uploads\/2014\/12\/Image00064.jpg\"><img decoding=\"async\" class=\"alignleft size-medium wp-image-6145\" src=\"https:\/\/muniromeral.cl\/romeral\/wp-content\/uploads\/2014\/12\/Image00064-300x200.jpg\" alt=\"Image00064\" width=\"300\" height=\"200\" srcset=\"https:\/\/muniromeral.cl\/romeral\/wp-content\/uploads\/2014\/12\/Image00064-300x200.jpg 300w, https:\/\/muniromeral.cl\/romeral\/wp-content\/uploads\/2014\/12\/Image00064-1000x666.jpg 1000w\" sizes=\"(max-width: 300px) 100vw, 300px\" \/><\/a> <a href=\"https:\/\/muniromeral.cl\/romeral\/wp-content\/uploads\/2014\/12\/Image00050.jpg\"><img loading=\"lazy\" decoding=\"async\" class=\"alignleft size-medium wp-image-6144\" src=\"https:\/\/muniromeral.cl\/romeral\/wp-content\/uploads\/2014\/12\/Image00050-300x200.jpg\" alt=\"Image00050\" width=\"300\" height=\"200\" srcset=\"https:\/\/muniromeral.cl\/romeral\/wp-content\/uploads\/2014\/12\/Image00050-300x200.jpg 300w, https:\/\/muniromeral.cl\/romeral\/wp-content\/uploads\/2014\/12\/Image00050-1000x666.jpg 1000w\" sizes=\"(max-width: 300px) 100vw, 300px\" \/><\/a> <a href=\"https:\/\/muniromeral.cl\/romeral\/wp-content\/uploads\/2014\/12\/Image00048.jpg\"><img loading=\"lazy\" decoding=\"async\" class=\"alignleft size-medium wp-image-6143\" src=\"https:\/\/muniromeral.cl\/romeral\/wp-content\/uploads\/2014\/12\/Image00048-300x200.jpg\" alt=\"Image00048\" width=\"300\" height=\"200\" srcset=\"https:\/\/muniromeral.cl\/romeral\/wp-content\/uploads\/2014\/12\/Image00048-300x200.jpg 300w, https:\/\/muniromeral.cl\/romeral\/wp-content\/uploads\/2014\/12\/Image00048-1000x666.jpg 1000w\" sizes=\"(max-width: 300px) 100vw, 300px\" \/><\/a> <a href=\"https:\/\/muniromeral.cl\/romeral\/wp-content\/uploads\/2014\/12\/Image000451.jpg\"><img loading=\"lazy\" decoding=\"async\" class=\"alignleft size-medium wp-image-6142\" src=\"https:\/\/muniromeral.cl\/romeral\/wp-content\/uploads\/2014\/12\/Image000451-300x200.jpg\" alt=\"Image00045\" width=\"300\" height=\"200\" srcset=\"https:\/\/muniromeral.cl\/romeral\/wp-content\/uploads\/2014\/12\/Image000451-300x200.jpg 300w, https:\/\/muniromeral.cl\/romeral\/wp-content\/uploads\/2014\/12\/Image000451-1000x666.jpg 1000w\" sizes=\"(max-width: 300px) 100vw, 300px\" \/><\/a> <a href=\"https:\/\/muniromeral.cl\/romeral\/wp-content\/uploads\/2014\/12\/Image00005.jpg\"><img loading=\"lazy\" decoding=\"async\" class=\"alignleft size-medium wp-image-6140\" src=\"https:\/\/muniromeral.cl\/romeral\/wp-content\/uploads\/2014\/12\/Image00005-300x200.jpg\" alt=\"Image00005\" width=\"300\" height=\"200\" srcset=\"https:\/\/muniromeral.cl\/romeral\/wp-content\/uploads\/2014\/12\/Image00005-300x200.jpg 300w, https:\/\/muniromeral.cl\/romeral\/wp-content\/uploads\/2014\/12\/Image00005-1000x666.jpg 1000w\" sizes=\"(max-width: 300px) 100vw, 300px\" \/><\/a><\/p>\n","protected":false},"excerpt":{"rendered":"<p>Con el correspondiente levantamiento simb\u00f3lico de la barrera de Pare por parte del Alcalde de Romeral, Carlos Vergara Zerega, el Seremi de Obras P\u00fablicas, Robinson Flores y la Gobernadora de Curic\u00f3, Cristina Bravo, qued\u00f3 oficialmente abierto el Paso Internacional Vergara de nuestra comuna, y con ello habilitado el tr\u00e1nsito entre Chile y Argentina a trav\u00e9s de ese sector cordillerano, hasta aproximadamente el mes de marzo del pr\u00f3ximo a\u00f1o. De esta forma\u00a0se abre el tr\u00e1nsito a trav\u00e9s de este hito lim\u00edtrofe entre ambas naciones, para lo cual en sector denominado como ba\u00f1os San Pedro, en territorio chileno, entra en operaciones el Centro Aduanero Paso Vergara, en donde se desarrollar\u00e1n los controles respectivos a los visitantes que salgan e ingresen al pa\u00eds por este lugar, fiscalizaciones a cargo de carabineros, PDI, SAG, \u00a0Aduanas y de Seguridad PMA. El alcalde de Romeral, ha trabajado para que el Paso Vergara se transforme en una alternativa efectiva al paso Pehuenche y por eso ha promocionado a este paso lim\u00edtrofe como una puerta al turismo, y por eso hace extensiva la invitaci\u00f3n al tr\u00e1nsito por esta v\u00eda debido a la cercan\u00eda con Argentina y por la belleza de sus parajes naturales. \u201cMandamos un mensaje a toda la comunidad del Maule para conocer este Paso que ya est\u00e1 habilitado para todo tipo de m\u00e1quinas y que tengamos una linda temporada estival con numerosos turistas transitando por esta ruta\u201d, coment\u00f3 el edil. Adem\u00e1s, agradeci\u00f3 a la gobernadora y a los servicios la disposici\u00f3n para abrir pronto el Paso, a\u00fan con las complejidades presentadas por la nieve, sin embargo, ameritaba la apertura por la integraci\u00f3n que propicia entre ambos pa\u00edses. Por su parte, la gobernadora Cristina Bravo, hizo extensiva la invitaci\u00f3n a toda la provincia de Curic\u00f3 para que se atrevan a cruzar al vecino pa\u00eds por este paso y adem\u00e1s inst\u00f3 a los romeralinos a promocionar sus hermosos parajes para recibir a los turistas que visitan la costa o los valles de la provincia y ser la primera parada de quienes cruzan el paso hacia Chile. Buen estado del camino El alcalde junto al Seremi del MOP precisaron que la v\u00eda hacia el Paso Vergara se encuentra en condiciones de transitabilidad regulares, aptas para todo tipo de veh\u00edculos pero con precauci\u00f3n. Asimismo, se indic\u00f3 que el tr\u00e1nsito entre desde Chile a Argentina se puede realizar desde las 08:00 hasta las 19:00 horas, todos los d\u00edas, por lo cual antes y despu\u00e9s de esos horarios los controles no permitir\u00e1n preventivamente el paso. Asimismo desde Argentina a nuestro pa\u00eds ser\u00e1 desde las 8:00 horas hasta las 20:00 horas. Por \u00faltimo, se explic\u00f3 para acceder a territorio argentino, se debe portar Cedula de Identidad al d\u00eda, documentaci\u00f3n del veh\u00edculo al d\u00eda y a nombre del conductor como propietario, mientras que los ni\u00f1os tambi\u00e9n deben portar su cedula de identidad, y de no viajar con sus padres, deber exhibir en el control, una autorizaci\u00f3n notarial que les permita viajar fuera del pa\u00eds.<\/p>\n","protected":false},"author":2,"featured_media":6147,"comment_status":"closed","ping_status":"open","sticky":false,"template":"","format":"standard","meta":{"footnotes":""},"categories":[6],"tags":[],"class_list":["post-6139","post","type-post","status-publish","format-standard","has-post-thumbnail","hentry","category-homepage"],"_links":{"self":[{"href":"https:\/\/muniromeral.cl\/romeral\/index.php?rest_route=\/wp\/v2\/posts\/6139","targetHints":{"allow":["GET"]}}],"collection":[{"href":"https:\/\/muniromeral.cl\/romeral\/index.php?rest_route=\/wp\/v2\/posts"}],"about":[{"href":"https:\/\/muniromeral.cl\/romeral\/index.php?rest_route=\/wp\/v2\/types\/post"}],"author":[{"embeddable":true,"href":"https:\/\/muniromeral.cl\/romeral\/index.php?rest_route=\/wp\/v2\/users\/2"}],"replies":[{"embeddable":true,"href":"https:\/\/muniromeral.cl\/romeral\/index.php?rest_route=%2Fwp%2Fv2%2Fcomments&post=6139"}],"version-history":[{"count":1,"href":"https:\/\/muniromeral.cl\/romeral\/index.php?rest_route=\/wp\/v2\/posts\/6139\/revisions"}],"predecessor-version":[{"id":6148,"href":"https:\/\/muniromeral.cl\/romeral\/index.php?rest_route=\/wp\/v2\/posts\/6139\/revisions\/6148"}],"wp:featuredmedia":[{"embeddable":true,"href":"https:\/\/muniromeral.cl\/romeral\/index.php?rest_route=\/wp\/v2\/media\/6147"}],"wp:attachment":[{"href":"https:\/\/muniromeral.cl\/romeral\/index.php?rest_route=%2Fwp%2Fv2%2Fmedia&parent=6139"}],"wp:term":[{"taxonomy":"category","embeddable":true,"href":"https:\/\/muniromeral.cl\/romeral\/index.php?rest_route=%2Fwp%2Fv2%2Fcategories&post=6139"},{"taxonomy":"post_tag","embeddable":true,"href":"https:\/\/muniromeral.cl\/romeral\/index.php?rest_route=%2Fwp%2Fv2%2Ftags&post=6139"}],"curies":[{"name":"wp","href":"https:\/\/api.w.org\/{rel}","templated":true}]}}