{"id":6335,"date":"2015-02-02T16:16:09","date_gmt":"2015-02-02T19:16:09","guid":{"rendered":"http:\/\/muniromeral.cl\/romeral\/?p=6335"},"modified":"2015-02-02T18:29:35","modified_gmt":"2015-02-02T21:29:35","slug":"romeral-se-lleno-de-entretenidas-actividades-este-fin-de-semana","status":"publish","type":"post","link":"https:\/\/muniromeral.cl\/romeral\/?p=6335","title":{"rendered":"Romeral se llen\u00f3 de entretenidas actividades este fin de semana"},"content":{"rendered":"<p><a href=\"https:\/\/muniromeral.cl\/romeral\/wp-content\/uploads\/2015\/02\/IMG_9146.jpg\"><img fetchpriority=\"high\" decoding=\"async\" class=\"alignleft size-medium wp-image-6337\" src=\"https:\/\/muniromeral.cl\/romeral\/wp-content\/uploads\/2015\/02\/IMG_9146-300x200.jpg\" alt=\"IMG_9146\" width=\"300\" height=\"200\" srcset=\"https:\/\/muniromeral.cl\/romeral\/wp-content\/uploads\/2015\/02\/IMG_9146-300x200.jpg 300w, https:\/\/muniromeral.cl\/romeral\/wp-content\/uploads\/2015\/02\/IMG_9146-1000x666.jpg 1000w\" sizes=\"(max-width: 300px) 100vw, 300px\" \/><\/a><\/p>\n<p align=\"justify\">En la comuna de las guindas el verano no pasa en vano. En enero se han programado un sinn\u00famero de actividades por el municipio y la Corporaci\u00f3n Cultural, los cuales hace de las vacaciones algo mucho m\u00e1s entretenido.<\/p>\n<p align=\"justify\">Unas de las principales actividades han sido los tradicionales Juegos de Verano que llenan de deporte las tardes Romeralinas incentivando a la familia a compartir y a su\u00a0 vez a competir defendiendo los colores de su barrio.<\/p>\n<p><strong>Baby de autoridades <\/strong><\/p>\n<p align=\"justify\">El viernes pasado, un grupo de autoridades y deportistas se batieron en un partido de baby futbol de exhibici\u00f3n donde demostraron todos sus dotes deportivos en un encuentro donde hubo de todo: lujos, goles, tapadones y sobretodo mucha \u00a0diversi\u00f3n. Dentro de las autoridades, estuvieron presentes el alcalde de Romeral, Carlos Vergara, el alcalde de Sagrada Familia, Mart\u00edn Arriagada, el alcalde de Rio Claro, Claudio Guajardo, los consejeros regional Manuel Am\u00e9stica y Boris Tapia y los concejales Julio Saavedra, Nicol\u00e1s Guti\u00e9rrez y en forma especial, el concejal Marco Dauvin que ofici\u00f3 de arquero. Adem\u00e1s, estuvieron presentes los ex futbolistas Iv\u00e1n \u00c1lvarez y Rub\u00e9n Mart\u00ednez.<\/p>\n<p align=\"justify\">El s\u00e1bado fue la t\u00f3nica deportiva outdoor. Los barrios se enfrentaron en las calles de Romeral corriendo el marat\u00f3n, en ciclismo y atletismo, actividades deportivas que son tradicionales en los juegos de verano y que esta vez tuvo como gran novedad el lanzamiento de la jabalina en el Estadio Municipal.<\/p>\n<p><strong>Festival de la Voz<\/strong><\/p>\n<p align=\"justify\">Un espectacular show se vivi\u00f3 la noche del domingo en el gimnasio municipal de la comuna. Con un lleno total se realiz\u00f3 el Festival de \u00a0la Voz de los Juegos de Verano 2015 en categor\u00eda folclor e internacional.<\/p>\n<p align=\"justify\">Con un repleto total, se present\u00f3 en la obetura el grupo romeralino Remember, quienes hicieron recordar a los mayores sus noches de verano con toda su m\u00fasica \u00a0de anta\u00f1o.<\/p>\n<p align=\"justify\">Adem\u00e1s, se presentaron dos grandes tributos a reconocidos artistas, primero subi\u00f3 a escena Jos\u00e9 Jos\u00e9 quien con toda sus canciones rom\u00e1nticas cautivo al p\u00fablico presente y, despu\u00e9s, se desat\u00f3 la algarab\u00eda con el doble de Juan Gabriel, quien con su m\u00fasica hizo bailar a los presentes.<\/p>\n<p align=\"justify\">En la categor\u00eda internacional, gano la representante de Guaico 1, Mar\u00eda \u00c1ngel Contreras, que con su dulce voz pudo convencer al jurado de darle el primer premio, mientras que en competencia folcl\u00f3rica, el ganador fue Ricardo M\u00e9ndez de barrio Quilvo, quien junto a su guitarra sorprendi\u00f3 a los jueces y al p\u00fablico en general.<\/p>\n<p align=\"justify\">En resumen, la comuna ha tenido una nutrida cartelera de actividades en verano. Para febrero se espera la semana Que\u00f1ina la segunda semana de febrero y el esperado Encuentro Chileno Argentino a realizarse el 14 y 15 de febrero en el paso internacional Vergara.<\/p>\n<p><a href=\"https:\/\/muniromeral.cl\/romeral\/wp-content\/uploads\/2015\/02\/IMG_9178.jpg\"><img decoding=\"async\" class=\"alignleft size-medium wp-image-6336\" src=\"https:\/\/muniromeral.cl\/romeral\/wp-content\/uploads\/2015\/02\/IMG_9178-300x200.jpg\" alt=\"IMG_9178\" width=\"300\" height=\"200\" srcset=\"https:\/\/muniromeral.cl\/romeral\/wp-content\/uploads\/2015\/02\/IMG_9178-300x200.jpg 300w, https:\/\/muniromeral.cl\/romeral\/wp-content\/uploads\/2015\/02\/IMG_9178-1000x666.jpg 1000w\" sizes=\"(max-width: 300px) 100vw, 300px\" \/><\/a> <a href=\"https:\/\/muniromeral.cl\/romeral\/wp-content\/uploads\/2015\/02\/IMG_9658.jpg\"><img decoding=\"async\" class=\"alignleft size-medium wp-image-6343\" src=\"https:\/\/muniromeral.cl\/romeral\/wp-content\/uploads\/2015\/02\/IMG_9658-300x200.jpg\" alt=\"IMG_9658\" width=\"300\" height=\"200\" srcset=\"https:\/\/muniromeral.cl\/romeral\/wp-content\/uploads\/2015\/02\/IMG_9658-300x200.jpg 300w, https:\/\/muniromeral.cl\/romeral\/wp-content\/uploads\/2015\/02\/IMG_9658-1000x666.jpg 1000w\" sizes=\"(max-width: 300px) 100vw, 300px\" \/><\/a> <a href=\"https:\/\/muniromeral.cl\/romeral\/wp-content\/uploads\/2015\/02\/IMG_9635.jpg\"><img loading=\"lazy\" decoding=\"async\" class=\"alignleft size-medium wp-image-6342\" src=\"https:\/\/muniromeral.cl\/romeral\/wp-content\/uploads\/2015\/02\/IMG_9635-300x200.jpg\" alt=\"IMG_9635\" width=\"300\" height=\"200\" srcset=\"https:\/\/muniromeral.cl\/romeral\/wp-content\/uploads\/2015\/02\/IMG_9635-300x200.jpg 300w, https:\/\/muniromeral.cl\/romeral\/wp-content\/uploads\/2015\/02\/IMG_9635-1000x666.jpg 1000w\" sizes=\"(max-width: 300px) 100vw, 300px\" \/><\/a> <a href=\"https:\/\/muniromeral.cl\/romeral\/wp-content\/uploads\/2015\/02\/IMG_9557.jpg\"><img loading=\"lazy\" decoding=\"async\" class=\"alignleft size-medium wp-image-6341\" src=\"https:\/\/muniromeral.cl\/romeral\/wp-content\/uploads\/2015\/02\/IMG_9557-300x200.jpg\" alt=\"IMG_9557\" width=\"300\" height=\"200\" srcset=\"https:\/\/muniromeral.cl\/romeral\/wp-content\/uploads\/2015\/02\/IMG_9557-300x200.jpg 300w, https:\/\/muniromeral.cl\/romeral\/wp-content\/uploads\/2015\/02\/IMG_9557-1000x666.jpg 1000w\" sizes=\"(max-width: 300px) 100vw, 300px\" \/><\/a> <a href=\"https:\/\/muniromeral.cl\/romeral\/wp-content\/uploads\/2015\/02\/IMG_9423.jpg\"><img loading=\"lazy\" decoding=\"async\" class=\"alignleft size-medium wp-image-6340\" src=\"https:\/\/muniromeral.cl\/romeral\/wp-content\/uploads\/2015\/02\/IMG_9423-300x200.jpg\" alt=\"IMG_9423\" width=\"300\" height=\"200\" srcset=\"https:\/\/muniromeral.cl\/romeral\/wp-content\/uploads\/2015\/02\/IMG_9423-300x200.jpg 300w, https:\/\/muniromeral.cl\/romeral\/wp-content\/uploads\/2015\/02\/IMG_9423-1000x666.jpg 1000w\" sizes=\"(max-width: 300px) 100vw, 300px\" \/><\/a> <a href=\"https:\/\/muniromeral.cl\/romeral\/wp-content\/uploads\/2015\/02\/IMG_9400.jpg\"><img loading=\"lazy\" decoding=\"async\" class=\"alignleft size-medium wp-image-6339\" src=\"https:\/\/muniromeral.cl\/romeral\/wp-content\/uploads\/2015\/02\/IMG_9400-300x200.jpg\" alt=\"IMG_9400\" width=\"300\" height=\"200\" srcset=\"https:\/\/muniromeral.cl\/romeral\/wp-content\/uploads\/2015\/02\/IMG_9400-300x200.jpg 300w, https:\/\/muniromeral.cl\/romeral\/wp-content\/uploads\/2015\/02\/IMG_9400-1000x666.jpg 1000w\" sizes=\"(max-width: 300px) 100vw, 300px\" \/><\/a> <a href=\"https:\/\/muniromeral.cl\/romeral\/wp-content\/uploads\/2015\/02\/IMG_9353.jpg\"><img loading=\"lazy\" decoding=\"async\" class=\"alignleft size-medium wp-image-6338\" src=\"https:\/\/muniromeral.cl\/romeral\/wp-content\/uploads\/2015\/02\/IMG_9353-300x200.jpg\" alt=\"IMG_9353\" width=\"300\" height=\"200\" srcset=\"https:\/\/muniromeral.cl\/romeral\/wp-content\/uploads\/2015\/02\/IMG_9353-300x200.jpg 300w, https:\/\/muniromeral.cl\/romeral\/wp-content\/uploads\/2015\/02\/IMG_9353-1000x666.jpg 1000w\" sizes=\"(max-width: 300px) 100vw, 300px\" \/><\/a><\/p>\n<p><img loading=\"lazy\" decoding=\"async\" class=\"alignleft size-medium wp-image-6337 mce-clonedresizable\" style=\"left: 10px; top: 13px; margin: 0px; width: 303px; height: 202px;\" contenteditable=\"false\" src=\"https:\/\/muniromeral.cl\/romeral\/wp-content\/uploads\/2015\/02\/IMG_9146-300x200.jpg\" alt=\"IMG_9146\" width=\"300\" height=\"200\" srcset=\"https:\/\/muniromeral.cl\/romeral\/wp-content\/uploads\/2015\/02\/IMG_9146-300x200.jpg 300w, https:\/\/muniromeral.cl\/romeral\/wp-content\/uploads\/2015\/02\/IMG_9146-1000x666.jpg 1000w\" sizes=\"(max-width: 300px) 100vw, 300px\" \/><\/p>\n","protected":false},"excerpt":{"rendered":"<p>En la comuna de las guindas el verano no pasa en vano. En enero se han programado un sinn\u00famero de actividades por el municipio y la Corporaci\u00f3n Cultural, los cuales hace de las vacaciones algo mucho m\u00e1s entretenido. Unas de las principales actividades han sido los tradicionales Juegos de Verano que llenan de deporte las tardes Romeralinas incentivando a la familia a compartir y a su\u00a0 vez a competir defendiendo los colores de su barrio. Baby de autoridades El viernes pasado, un grupo de autoridades y deportistas se batieron en un partido de baby futbol de exhibici\u00f3n donde demostraron todos sus dotes deportivos en un encuentro donde hubo de todo: lujos, goles, tapadones y sobretodo mucha \u00a0diversi\u00f3n. Dentro de las autoridades, estuvieron presentes el alcalde de Romeral, Carlos Vergara, el alcalde de Sagrada Familia, Mart\u00edn Arriagada, el alcalde de Rio Claro, Claudio Guajardo, los consejeros regional Manuel Am\u00e9stica y Boris Tapia y los concejales Julio Saavedra, Nicol\u00e1s Guti\u00e9rrez y en forma especial, el concejal Marco Dauvin que ofici\u00f3 de arquero. Adem\u00e1s, estuvieron presentes los ex futbolistas Iv\u00e1n \u00c1lvarez y Rub\u00e9n Mart\u00ednez. El s\u00e1bado fue la t\u00f3nica deportiva outdoor. Los barrios se enfrentaron en las calles de Romeral corriendo el marat\u00f3n, en ciclismo y atletismo, actividades deportivas que son tradicionales en los juegos de verano y que esta vez tuvo como gran novedad el lanzamiento de la jabalina en el Estadio Municipal. Festival de la Voz Un espectacular show se vivi\u00f3 la noche del domingo en el gimnasio municipal de la comuna. Con un lleno total se realiz\u00f3 el Festival de \u00a0la Voz de los Juegos de Verano 2015 en categor\u00eda folclor e internacional. Con un repleto total, se present\u00f3 en la obetura el grupo romeralino Remember, quienes hicieron recordar a los mayores sus noches de verano con toda su m\u00fasica \u00a0de anta\u00f1o. Adem\u00e1s, se presentaron dos grandes tributos a reconocidos artistas, primero subi\u00f3 a escena Jos\u00e9 Jos\u00e9 quien con toda sus canciones rom\u00e1nticas cautivo al p\u00fablico presente y, despu\u00e9s, se desat\u00f3 la algarab\u00eda con el doble de Juan Gabriel, quien con su m\u00fasica hizo bailar a los presentes. En la categor\u00eda internacional, gano la representante de Guaico 1, Mar\u00eda \u00c1ngel Contreras, que con su dulce voz pudo convencer al jurado de darle el primer premio, mientras que en competencia folcl\u00f3rica, el ganador fue Ricardo M\u00e9ndez de barrio Quilvo, quien junto a su guitarra sorprendi\u00f3 a los jueces y al p\u00fablico en general. En resumen, la comuna ha tenido una nutrida cartelera de actividades en verano. Para febrero se espera la semana Que\u00f1ina la segunda semana de febrero y el esperado Encuentro Chileno Argentino a realizarse el 14 y 15 de febrero en el paso internacional Vergara.<\/p>\n","protected":false},"author":2,"featured_media":6337,"comment_status":"closed","ping_status":"open","sticky":false,"template":"","format":"standard","meta":{"footnotes":""},"categories":[9],"tags":[],"class_list":["post-6335","post","type-post","status-publish","format-standard","has-post-thumbnail","hentry","category-a_der"],"_links":{"self":[{"href":"https:\/\/muniromeral.cl\/romeral\/index.php?rest_route=\/wp\/v2\/posts\/6335","targetHints":{"allow":["GET"]}}],"collection":[{"href":"https:\/\/muniromeral.cl\/romeral\/index.php?rest_route=\/wp\/v2\/posts"}],"about":[{"href":"https:\/\/muniromeral.cl\/romeral\/index.php?rest_route=\/wp\/v2\/types\/post"}],"author":[{"embeddable":true,"href":"https:\/\/muniromeral.cl\/romeral\/index.php?rest_route=\/wp\/v2\/users\/2"}],"replies":[{"embeddable":true,"href":"https:\/\/muniromeral.cl\/romeral\/index.php?rest_route=%2Fwp%2Fv2%2Fcomments&post=6335"}],"version-history":[{"count":3,"href":"https:\/\/muniromeral.cl\/romeral\/index.php?rest_route=\/wp\/v2\/posts\/6335\/revisions"}],"predecessor-version":[{"id":6345,"href":"https:\/\/muniromeral.cl\/romeral\/index.php?rest_route=\/wp\/v2\/posts\/6335\/revisions\/6345"}],"wp:featuredmedia":[{"embeddable":true,"href":"https:\/\/muniromeral.cl\/romeral\/index.php?rest_route=\/wp\/v2\/media\/6337"}],"wp:attachment":[{"href":"https:\/\/muniromeral.cl\/romeral\/index.php?rest_route=%2Fwp%2Fv2%2Fmedia&parent=6335"}],"wp:term":[{"taxonomy":"category","embeddable":true,"href":"https:\/\/muniromeral.cl\/romeral\/index.php?rest_route=%2Fwp%2Fv2%2Fcategories&post=6335"},{"taxonomy":"post_tag","embeddable":true,"href":"https:\/\/muniromeral.cl\/romeral\/index.php?rest_route=%2Fwp%2Fv2%2Ftags&post=6335"}],"curies":[{"name":"wp","href":"https:\/\/api.w.org\/{rel}","templated":true}]}}