{"id":6567,"date":"2015-03-03T15:19:47","date_gmt":"2015-03-03T18:19:47","guid":{"rendered":"http:\/\/muniromeral.cl\/romeral\/?p=6567"},"modified":"2015-03-09T08:46:47","modified_gmt":"2015-03-09T11:46:47","slug":"municipio-romeralino-hace-mejoras-a-escuelas-para-comenzar-bien-el-ano-escolar","status":"publish","type":"post","link":"https:\/\/muniromeral.cl\/romeral\/?p=6567","title":{"rendered":"Municipio romeralino realiza mejoras a escuelas para comenzar bien el a\u00f1o escolar"},"content":{"rendered":"<p><a href=\"https:\/\/muniromeral.cl\/romeral\/wp-content\/uploads\/2015\/03\/IMG_8951.jpg\"><img fetchpriority=\"high\" decoding=\"async\" class=\"alignleft size-medium wp-image-6570\" src=\"https:\/\/muniromeral.cl\/romeral\/wp-content\/uploads\/2015\/03\/IMG_8951-300x168.jpg\" alt=\"IMG_8951\" width=\"300\" height=\"168\" srcset=\"https:\/\/muniromeral.cl\/romeral\/wp-content\/uploads\/2015\/03\/IMG_8951-300x168.jpg 300w, https:\/\/muniromeral.cl\/romeral\/wp-content\/uploads\/2015\/03\/IMG_8951.jpg 800w\" sizes=\"(max-width: 300px) 100vw, 300px\" \/><\/a>Son muchas las noticias importantes para el \u00e1rea de educaci\u00f3n en Romeral, debido al compromiso que el alcalde Carlos Vergara Zerega \u00a0ha puesto a trav\u00e9s del Departamento de Educaci\u00f3n, para la concreci\u00f3n del mejoramiento de varios establecimientos educacionales de la comuna.<\/p>\n<p>Es as\u00ed como la escuela Gerardo Rodr\u00edguez, recibir\u00e1 a alumnos y profesores con su fachada pintada y mostrando una nueva cara para comenzar los nuevos desaf\u00edos que est\u00e1n presente para este a\u00f1o, como es la concreci\u00f3n de\u00a0educaci\u00f3n basada en una visi\u00f3n art\u00edstica, lo que le permitir\u00e1 a alumnos y profesores desarrollar nuevas aptitudes asentados\u00a0en las artes.<\/p>\n<p>Mientras que en la escuela Carlos Lazcano Alfonso del sector \u00a0Guaico Tres \u00a0se est\u00e1n realizando mejoras en la parte interior del establecimiento, adem\u00e1s del \u00a0cierre perimetral que se realizar\u00e1 pronto, alojado en un proyecto de Programa de Mejoramiento Urbano (PMU)-Preventivo por un monto de aproximadamente de $27 millones.<strong>\u00a0<\/strong><\/p>\n<p>Durante el a\u00f1o 2014 se hab\u00eda mencionado la ejecuci\u00f3n de una importante obra \u00a0para la escuela de Guaico Centro debido a la alta demanda de matr\u00edcula. En este establecimiento educacional se construir\u00e1 una sala para los ni\u00f1os de Pre- K\u00ednder, canalizado a trav\u00e9s de un proyecto PMU-Preventivo por un monto de casi $50 millones de la Subdere para los m\u00e1s peque\u00f1os del sector.<\/p>\n<p><strong>M\u00e1s beneficios <\/strong><\/p>\n<p>La escuela Gisllen Bernucci del Peumal estuvo a punto de cerrar a\u00f1os atr\u00e1s, sin embargo, hoy se encumbra como una de las escuelas con m\u00e1s logros acad\u00e9micos de la comuna gracias al esfuerzo de sus alumnos, profesores y apoderados.<\/p>\n<p>La escuela postul\u00f3 al proyecto de\u00a0reparaci\u00f3n de cubierta y servicios, a trav\u00e9s de un PMU-Preventivo por un monto de $32 millones aproximados.\u00a0Junto con esto, se est\u00e1 realizando la construcci\u00f3n del port\u00f3n y frontis del establecimiento educacional.<strong>\u00a0<\/strong><\/p>\n<p>Durante octubre del a\u00f1o 2014, se realiz\u00f3 la presentaci\u00f3n de la primera piedra de otro gran y esperado proyecto de construcci\u00f3n para la escuela Ram\u00f3n Freire. Hoy, el proyecto de construcci\u00f3n de la sala de k\u00ednder ya es una realidad, debido a la alta demanda de la jornada de peque\u00f1os, lo que imposibilitaba tener jornada completa ya que ambos cursos compart\u00edan la misma aula. Es as\u00ed como la administraci\u00f3n del municipio acogi\u00f3 la inquietud del establecimiento postulando a los recursos PMU, siendo aprobados para la\u00a0construcci\u00f3n de una nueva sala por un monto decasi $50 millones<strong>. <\/strong>Junto con esto, los alumnos para este a\u00f1o se encontrar\u00e1n con el proyecto de\u00a0construcci\u00f3n\u00a0de sala taller y patio techado a trav\u00e9s de fondo Revitalizaci\u00f3n por un monto de poco m\u00e1s de $13 millones.<\/p>\n<p><strong>Se avanza en educaci\u00f3n<\/strong><\/p>\n<p>Siguiendo con la misi\u00f3n de fortalecer a las escuelas de la comuna, siendo \u00e9sta compromiso de campa\u00f1a del alcalde Carlos Vergara Zerega, se obtuvo un proyecto que ya fue ejecutado de \u00a0reparaciones mayores en la escuela Arturo Alessandri Palma por un monto de casi $17 millones y aumento de obras por $2.256.895.<\/p>\n<p><strong>\u00a0<\/strong>Las escuelas de la comuna est\u00e1n siendo reparadas y adecuadas a los nuevos est\u00e1ndares que el municipio junto al alcalde y concejales quieren estregar a las futuras generaciones, las cuales podr\u00e1n optar por una educaci\u00f3n de calidad sin salir de la comuna.<\/p>\n<p><strong>Mejoras en el Daem<\/strong><\/p>\n<p>Junto a todo lo anterior, se est\u00e1 realizando adem\u00e1s el levantamiento del segundo piso de las dependencias del Departamento de Educaci\u00f3n comunal, lugar donde se est\u00e1n construyendo nuevas oficinas, con la finalidad de entregar una mejor atenci\u00f3n a la comunidad escolar romeralina. Adem\u00e1s, es importante informar que falta a\u00fan la mejora del cierre perimetral de las escuelas Am\u00e9rica Latina y Luis Escobar Lara de Los Que\u00f1es, que todav\u00eda est\u00e1 en proceso de licitaci\u00f3n.<\/p>\n<p>Hay que recordar que, con la nueva reforma educacional, los recursos han sido puestos a disposici\u00f3n de los municipios con la finalidad de ser bien invertidos, lo que se adecua a la pol\u00edtica del alcalde Carlos Vergara, que se ha dispuesto a mejorar y entregar una infraestructura de calidad para los alumnos de Romeral.<\/p>\n<p><a href=\"https:\/\/muniromeral.cl\/romeral\/wp-content\/uploads\/2015\/03\/IMG_1684.jpg\"><img decoding=\"async\" class=\"alignleft size-medium wp-image-6575\" src=\"https:\/\/muniromeral.cl\/romeral\/wp-content\/uploads\/2015\/03\/IMG_1684-300x200.jpg\" alt=\"IMG_1684\" width=\"300\" height=\"200\" srcset=\"https:\/\/muniromeral.cl\/romeral\/wp-content\/uploads\/2015\/03\/IMG_1684-300x200.jpg 300w, https:\/\/muniromeral.cl\/romeral\/wp-content\/uploads\/2015\/03\/IMG_1684-1000x666.jpg 1000w\" sizes=\"(max-width: 300px) 100vw, 300px\" \/><\/a> <a href=\"https:\/\/muniromeral.cl\/romeral\/wp-content\/uploads\/2015\/03\/IMG_1710.jpg\"><img decoding=\"async\" class=\"alignleft size-medium wp-image-6576\" src=\"https:\/\/muniromeral.cl\/romeral\/wp-content\/uploads\/2015\/03\/IMG_1710-300x200.jpg\" alt=\"IMG_1710\" width=\"300\" height=\"200\" srcset=\"https:\/\/muniromeral.cl\/romeral\/wp-content\/uploads\/2015\/03\/IMG_1710-300x200.jpg 300w, https:\/\/muniromeral.cl\/romeral\/wp-content\/uploads\/2015\/03\/IMG_1710-1000x666.jpg 1000w\" sizes=\"(max-width: 300px) 100vw, 300px\" \/><\/a> <a href=\"https:\/\/muniromeral.cl\/romeral\/wp-content\/uploads\/2015\/03\/IMG_1719.jpg\"><img loading=\"lazy\" decoding=\"async\" class=\"alignleft size-medium wp-image-6577\" src=\"https:\/\/muniromeral.cl\/romeral\/wp-content\/uploads\/2015\/03\/IMG_1719-300x200.jpg\" alt=\"IMG_1719\" width=\"300\" height=\"200\" srcset=\"https:\/\/muniromeral.cl\/romeral\/wp-content\/uploads\/2015\/03\/IMG_1719-300x200.jpg 300w, https:\/\/muniromeral.cl\/romeral\/wp-content\/uploads\/2015\/03\/IMG_1719-1000x666.jpg 1000w\" sizes=\"(max-width: 300px) 100vw, 300px\" \/><\/a> <a href=\"https:\/\/muniromeral.cl\/romeral\/wp-content\/uploads\/2015\/03\/IMG_1722.jpg\"><img loading=\"lazy\" decoding=\"async\" class=\"alignleft size-medium wp-image-6578\" src=\"https:\/\/muniromeral.cl\/romeral\/wp-content\/uploads\/2015\/03\/IMG_1722-300x200.jpg\" alt=\"IMG_1722\" width=\"300\" height=\"200\" srcset=\"https:\/\/muniromeral.cl\/romeral\/wp-content\/uploads\/2015\/03\/IMG_1722-300x200.jpg 300w, https:\/\/muniromeral.cl\/romeral\/wp-content\/uploads\/2015\/03\/IMG_1722-1000x666.jpg 1000w\" sizes=\"(max-width: 300px) 100vw, 300px\" \/><\/a><\/p>\n<p><a href=\"https:\/\/muniromeral.cl\/romeral\/wp-content\/uploads\/2015\/03\/IMG_8941.jpg\"><img loading=\"lazy\" decoding=\"async\" class=\"alignleft size-medium wp-image-6568\" src=\"https:\/\/muniromeral.cl\/romeral\/wp-content\/uploads\/2015\/03\/IMG_8941-300x168.jpg\" alt=\"IMG_8941\" width=\"300\" height=\"168\" srcset=\"https:\/\/muniromeral.cl\/romeral\/wp-content\/uploads\/2015\/03\/IMG_8941-300x168.jpg 300w, https:\/\/muniromeral.cl\/romeral\/wp-content\/uploads\/2015\/03\/IMG_8941.jpg 800w\" sizes=\"(max-width: 300px) 100vw, 300px\" \/><\/a><\/p>\n","protected":false},"excerpt":{"rendered":"<p>Son muchas las noticias importantes para el \u00e1rea de educaci\u00f3n en Romeral, debido al compromiso que el alcalde Carlos Vergara Zerega \u00a0ha puesto a trav\u00e9s del Departamento de Educaci\u00f3n, para la concreci\u00f3n del mejoramiento de varios establecimientos educacionales de la comuna. Es as\u00ed como la escuela Gerardo Rodr\u00edguez, recibir\u00e1 a alumnos y profesores con su fachada pintada y mostrando una nueva cara para comenzar los nuevos desaf\u00edos que est\u00e1n presente para este a\u00f1o, como es la concreci\u00f3n de\u00a0educaci\u00f3n basada en una visi\u00f3n art\u00edstica, lo que le permitir\u00e1 a alumnos y profesores desarrollar nuevas aptitudes asentados\u00a0en las artes. Mientras que en la escuela Carlos Lazcano Alfonso del sector \u00a0Guaico Tres \u00a0se est\u00e1n realizando mejoras en la parte interior del establecimiento, adem\u00e1s del \u00a0cierre perimetral que se realizar\u00e1 pronto, alojado en un proyecto de Programa de Mejoramiento Urbano (PMU)-Preventivo por un monto de aproximadamente de $27 millones.\u00a0 Durante el a\u00f1o 2014 se hab\u00eda mencionado la ejecuci\u00f3n de una importante obra \u00a0para la escuela de Guaico Centro debido a la alta demanda de matr\u00edcula. En este establecimiento educacional se construir\u00e1 una sala para los ni\u00f1os de Pre- K\u00ednder, canalizado a trav\u00e9s de un proyecto PMU-Preventivo por un monto de casi $50 millones de la Subdere para los m\u00e1s peque\u00f1os del sector. M\u00e1s beneficios La escuela Gisllen Bernucci del Peumal estuvo a punto de cerrar a\u00f1os atr\u00e1s, sin embargo, hoy se encumbra como una de las escuelas con m\u00e1s logros acad\u00e9micos de la comuna gracias al esfuerzo de sus alumnos, profesores y apoderados. La escuela postul\u00f3 al proyecto de\u00a0reparaci\u00f3n de cubierta y servicios, a trav\u00e9s de un PMU-Preventivo por un monto de $32 millones aproximados.\u00a0Junto con esto, se est\u00e1 realizando la construcci\u00f3n del port\u00f3n y frontis del establecimiento educacional.\u00a0 Durante octubre del a\u00f1o 2014, se realiz\u00f3 la presentaci\u00f3n de la primera piedra de otro gran y esperado proyecto de construcci\u00f3n para la escuela Ram\u00f3n Freire. Hoy, el proyecto de construcci\u00f3n de la sala de k\u00ednder ya es una realidad, debido a la alta demanda de la jornada de peque\u00f1os, lo que imposibilitaba tener jornada completa ya que ambos cursos compart\u00edan la misma aula. Es as\u00ed como la administraci\u00f3n del municipio acogi\u00f3 la inquietud del establecimiento postulando a los recursos PMU, siendo aprobados para la\u00a0construcci\u00f3n de una nueva sala por un monto decasi $50 millones. Junto con esto, los alumnos para este a\u00f1o se encontrar\u00e1n con el proyecto de\u00a0construcci\u00f3n\u00a0de sala taller y patio techado a trav\u00e9s de fondo Revitalizaci\u00f3n por un monto de poco m\u00e1s de $13 millones. Se avanza en educaci\u00f3n Siguiendo con la misi\u00f3n de fortalecer a las escuelas de la comuna, siendo \u00e9sta compromiso de campa\u00f1a del alcalde Carlos Vergara Zerega, se obtuvo un proyecto que ya fue ejecutado de \u00a0reparaciones mayores en la escuela Arturo Alessandri Palma por un monto de casi $17 millones y aumento de obras por $2.256.895. \u00a0Las escuelas de la comuna est\u00e1n siendo reparadas y adecuadas a los nuevos est\u00e1ndares que el municipio junto al alcalde y concejales quieren estregar a las futuras generaciones, las cuales podr\u00e1n optar por una educaci\u00f3n de calidad sin salir de la comuna. Mejoras en el Daem Junto a todo lo anterior, se est\u00e1 realizando adem\u00e1s el levantamiento del segundo piso de las dependencias del Departamento de Educaci\u00f3n comunal, lugar donde se est\u00e1n construyendo nuevas oficinas, con la finalidad de entregar una mejor atenci\u00f3n a la comunidad escolar romeralina. Adem\u00e1s, es importante informar que falta a\u00fan la mejora del cierre perimetral de las escuelas Am\u00e9rica Latina y Luis Escobar Lara de Los Que\u00f1es, que todav\u00eda est\u00e1 en proceso de licitaci\u00f3n. Hay que recordar que, con la nueva reforma educacional, los recursos han sido puestos a disposici\u00f3n de los municipios con la finalidad de ser bien invertidos, lo que se adecua a la pol\u00edtica del alcalde Carlos Vergara, que se ha dispuesto a mejorar y entregar una infraestructura de calidad para los alumnos de Romeral.<\/p>\n","protected":false},"author":2,"featured_media":6570,"comment_status":"closed","ping_status":"open","sticky":false,"template":"","format":"standard","meta":{"footnotes":""},"categories":[6],"tags":[],"class_list":["post-6567","post","type-post","status-publish","format-standard","has-post-thumbnail","hentry","category-homepage"],"_links":{"self":[{"href":"https:\/\/muniromeral.cl\/romeral\/index.php?rest_route=\/wp\/v2\/posts\/6567","targetHints":{"allow":["GET"]}}],"collection":[{"href":"https:\/\/muniromeral.cl\/romeral\/index.php?rest_route=\/wp\/v2\/posts"}],"about":[{"href":"https:\/\/muniromeral.cl\/romeral\/index.php?rest_route=\/wp\/v2\/types\/post"}],"author":[{"embeddable":true,"href":"https:\/\/muniromeral.cl\/romeral\/index.php?rest_route=\/wp\/v2\/users\/2"}],"replies":[{"embeddable":true,"href":"https:\/\/muniromeral.cl\/romeral\/index.php?rest_route=%2Fwp%2Fv2%2Fcomments&post=6567"}],"version-history":[{"count":6,"href":"https:\/\/muniromeral.cl\/romeral\/index.php?rest_route=\/wp\/v2\/posts\/6567\/revisions"}],"predecessor-version":[{"id":6613,"href":"https:\/\/muniromeral.cl\/romeral\/index.php?rest_route=\/wp\/v2\/posts\/6567\/revisions\/6613"}],"wp:featuredmedia":[{"embeddable":true,"href":"https:\/\/muniromeral.cl\/romeral\/index.php?rest_route=\/wp\/v2\/media\/6570"}],"wp:attachment":[{"href":"https:\/\/muniromeral.cl\/romeral\/index.php?rest_route=%2Fwp%2Fv2%2Fmedia&parent=6567"}],"wp:term":[{"taxonomy":"category","embeddable":true,"href":"https:\/\/muniromeral.cl\/romeral\/index.php?rest_route=%2Fwp%2Fv2%2Fcategories&post=6567"},{"taxonomy":"post_tag","embeddable":true,"href":"https:\/\/muniromeral.cl\/romeral\/index.php?rest_route=%2Fwp%2Fv2%2Ftags&post=6567"}],"curies":[{"name":"wp","href":"https:\/\/api.w.org\/{rel}","templated":true}]}}