{"id":6693,"date":"2015-03-12T18:30:05","date_gmt":"2015-03-12T21:30:05","guid":{"rendered":"http:\/\/muniromeral.cl\/romeral\/?p=6693"},"modified":"2015-03-17T10:21:36","modified_gmt":"2015-03-17T14:21:36","slug":"director-regional-del-senama-busca-crear-un-centro-dia-en-romeral","status":"publish","type":"post","link":"https:\/\/muniromeral.cl\/romeral\/?p=6693","title":{"rendered":"Director Regional del Senama busca crear un Centro D\u00eda en Romeral"},"content":{"rendered":"<p><a href=\"https:\/\/muniromeral.cl\/romeral\/wp-content\/uploads\/2015\/03\/IMG_2434.jpg\"><img fetchpriority=\"high\" decoding=\"async\" class=\"alignleft size-medium wp-image-6695\" src=\"https:\/\/muniromeral.cl\/romeral\/wp-content\/uploads\/2015\/03\/IMG_2434-300x200.jpg\" alt=\"IMG_2434\" width=\"300\" height=\"200\" srcset=\"https:\/\/muniromeral.cl\/romeral\/wp-content\/uploads\/2015\/03\/IMG_2434-300x200.jpg 300w, https:\/\/muniromeral.cl\/romeral\/wp-content\/uploads\/2015\/03\/IMG_2434-1000x666.jpg 1000w\" sizes=\"(max-width: 300px) 100vw, 300px\" \/><\/a>El director regional del Servicio Nacional del Adulto Mayor (Senama) Claudio Montalva, estuvo en Romeral para reunirse con el alcalde Carlos Vergara Zerega y con las representantes de la uni\u00f3n comunal de adulto mayor para comunicarles una muy buena noticia para la comunidad romeralina.<\/p>\n<p>El director viaj\u00f3 a la comuna para plantear al alcalde la construcci\u00f3n de un Centro D\u00eda en Romeral, lo que ser\u00eda de gran ayuda para las familias que dentro de sus integrantes cuentan con un adulto mayor y no pueden darle los cuidados apropiados por tener que hacer las labores propias de un hogar, ya sea por ejemplo ir al trabajo o a la escuela.<\/p>\n<p><strong>\u00bfQu\u00e9 es un Centro D\u00eda? <\/strong><\/p>\n<p>Son centros que ofrecen atenci\u00f3n asistencial integral durante la jornada de d\u00eda a Adultos Mayores Autovalentes Fr\u00e1giles o en condici\u00f3n de dependencia leve, a fin de mantener o mejorar su nivel de autonom\u00eda personal y auto valencia, su calidad de vida, favoreciendo y promocionando la permanencia en su entorno, lo que favorece a que los adultos mayores pasen m\u00e1s tiempo con sus pares.<\/p>\n<p><strong>Terreno<\/strong><\/p>\n<p>Para que este proyecto se haga realidad, solo falta que el municipio sea quien proporcione un terreno id\u00f3neo para la construcci\u00f3n de este centro, es por eso que ya se est\u00e1n evaluando algunos posibles espacios para que en el futuro cercano este proyecto se haga realidad.<\/p>\n<p>El recinto seria administrado por la Municipalidad de Romeral, y esta ser\u00e1 la que velar\u00e1 porque se cumpla con el respeto y cuidado de los derechos que tienen las personas mayores de la comuna.<\/p>\n<p><a href=\"https:\/\/muniromeral.cl\/romeral\/wp-content\/uploads\/2015\/03\/IMG_2439.jpg\"><img decoding=\"async\" class=\"alignleft size-medium wp-image-6696\" src=\"https:\/\/muniromeral.cl\/romeral\/wp-content\/uploads\/2015\/03\/IMG_2439-300x200.jpg\" alt=\"IMG_2439\" width=\"300\" height=\"200\" srcset=\"https:\/\/muniromeral.cl\/romeral\/wp-content\/uploads\/2015\/03\/IMG_2439-300x200.jpg 300w, https:\/\/muniromeral.cl\/romeral\/wp-content\/uploads\/2015\/03\/IMG_2439-1000x666.jpg 1000w\" sizes=\"(max-width: 300px) 100vw, 300px\" \/><\/a><a href=\"https:\/\/muniromeral.cl\/romeral\/wp-content\/uploads\/2015\/03\/IMG_2431.jpg\"><img decoding=\"async\" class=\"alignleft size-medium wp-image-6694\" src=\"https:\/\/muniromeral.cl\/romeral\/wp-content\/uploads\/2015\/03\/IMG_2431-300x200.jpg\" alt=\"IMG_2431\" width=\"300\" height=\"200\" srcset=\"https:\/\/muniromeral.cl\/romeral\/wp-content\/uploads\/2015\/03\/IMG_2431-300x200.jpg 300w, https:\/\/muniromeral.cl\/romeral\/wp-content\/uploads\/2015\/03\/IMG_2431-1000x666.jpg 1000w, https:\/\/muniromeral.cl\/romeral\/wp-content\/uploads\/2015\/03\/IMG_2431-75x50.jpg 75w\" sizes=\"(max-width: 300px) 100vw, 300px\" \/><\/a> <a href=\"https:\/\/muniromeral.cl\/romeral\/wp-content\/uploads\/2015\/03\/B_1WxuwWEAABaAy.jpg\"><img loading=\"lazy\" decoding=\"async\" class=\"alignleft size-medium wp-image-6697\" src=\"https:\/\/muniromeral.cl\/romeral\/wp-content\/uploads\/2015\/03\/B_1WxuwWEAABaAy-300x223.jpg\" alt=\"B_1WxuwWEAABaAy\" width=\"300\" height=\"223\" srcset=\"https:\/\/muniromeral.cl\/romeral\/wp-content\/uploads\/2015\/03\/B_1WxuwWEAABaAy-300x223.jpg 300w, https:\/\/muniromeral.cl\/romeral\/wp-content\/uploads\/2015\/03\/B_1WxuwWEAABaAy.jpg 599w\" sizes=\"(max-width: 300px) 100vw, 300px\" \/><\/a><\/p>\n","protected":false},"excerpt":{"rendered":"<p>El director regional del Servicio Nacional del Adulto Mayor (Senama) Claudio Montalva, estuvo en Romeral para reunirse con el alcalde Carlos Vergara Zerega y con las representantes de la uni\u00f3n comunal de adulto mayor para comunicarles una muy buena noticia para la comunidad romeralina. El director viaj\u00f3 a la comuna para plantear al alcalde la construcci\u00f3n de un Centro D\u00eda en Romeral, lo que ser\u00eda de gran ayuda para las familias que dentro de sus integrantes cuentan con un adulto mayor y no pueden darle los cuidados apropiados por tener que hacer las labores propias de un hogar, ya sea por ejemplo ir al trabajo o a la escuela. \u00bfQu\u00e9 es un Centro D\u00eda? Son centros que ofrecen atenci\u00f3n asistencial integral durante la jornada de d\u00eda a Adultos Mayores Autovalentes Fr\u00e1giles o en condici\u00f3n de dependencia leve, a fin de mantener o mejorar su nivel de autonom\u00eda personal y auto valencia, su calidad de vida, favoreciendo y promocionando la permanencia en su entorno, lo que favorece a que los adultos mayores pasen m\u00e1s tiempo con sus pares. Terreno Para que este proyecto se haga realidad, solo falta que el municipio sea quien proporcione un terreno id\u00f3neo para la construcci\u00f3n de este centro, es por eso que ya se est\u00e1n evaluando algunos posibles espacios para que en el futuro cercano este proyecto se haga realidad. El recinto seria administrado por la Municipalidad de Romeral, y esta ser\u00e1 la que velar\u00e1 porque se cumpla con el respeto y cuidado de los derechos que tienen las personas mayores de la comuna.<\/p>\n","protected":false},"author":2,"featured_media":6694,"comment_status":"closed","ping_status":"open","sticky":false,"template":"","format":"standard","meta":{"footnotes":""},"categories":[9],"tags":[],"class_list":["post-6693","post","type-post","status-publish","format-standard","has-post-thumbnail","hentry","category-a_der"],"_links":{"self":[{"href":"https:\/\/muniromeral.cl\/romeral\/index.php?rest_route=\/wp\/v2\/posts\/6693","targetHints":{"allow":["GET"]}}],"collection":[{"href":"https:\/\/muniromeral.cl\/romeral\/index.php?rest_route=\/wp\/v2\/posts"}],"about":[{"href":"https:\/\/muniromeral.cl\/romeral\/index.php?rest_route=\/wp\/v2\/types\/post"}],"author":[{"embeddable":true,"href":"https:\/\/muniromeral.cl\/romeral\/index.php?rest_route=\/wp\/v2\/users\/2"}],"replies":[{"embeddable":true,"href":"https:\/\/muniromeral.cl\/romeral\/index.php?rest_route=%2Fwp%2Fv2%2Fcomments&post=6693"}],"version-history":[{"count":1,"href":"https:\/\/muniromeral.cl\/romeral\/index.php?rest_route=\/wp\/v2\/posts\/6693\/revisions"}],"predecessor-version":[{"id":6698,"href":"https:\/\/muniromeral.cl\/romeral\/index.php?rest_route=\/wp\/v2\/posts\/6693\/revisions\/6698"}],"wp:featuredmedia":[{"embeddable":true,"href":"https:\/\/muniromeral.cl\/romeral\/index.php?rest_route=\/wp\/v2\/media\/6694"}],"wp:attachment":[{"href":"https:\/\/muniromeral.cl\/romeral\/index.php?rest_route=%2Fwp%2Fv2%2Fmedia&parent=6693"}],"wp:term":[{"taxonomy":"category","embeddable":true,"href":"https:\/\/muniromeral.cl\/romeral\/index.php?rest_route=%2Fwp%2Fv2%2Fcategories&post=6693"},{"taxonomy":"post_tag","embeddable":true,"href":"https:\/\/muniromeral.cl\/romeral\/index.php?rest_route=%2Fwp%2Fv2%2Ftags&post=6693"}],"curies":[{"name":"wp","href":"https:\/\/api.w.org\/{rel}","templated":true}]}}