{"id":6829,"date":"2015-04-10T15:23:26","date_gmt":"2015-04-10T18:23:26","guid":{"rendered":"http:\/\/muniromeral.cl\/romeral\/?p=6829"},"modified":"2015-04-10T15:23:26","modified_gmt":"2015-04-10T18:23:26","slug":"alcalde-de-romeral-participo-en-la-cuenta-publica-de-la-escuela-guaico-centro","status":"publish","type":"post","link":"https:\/\/muniromeral.cl\/romeral\/?p=6829","title":{"rendered":"Alcalde de Romeral particip\u00f3 en la cuenta p\u00fablica de la Escuela Guaico Centro"},"content":{"rendered":"<p><a href=\"https:\/\/muniromeral.cl\/romeral\/wp-content\/uploads\/2015\/04\/Image00009.jpg\"><img fetchpriority=\"high\" decoding=\"async\" class=\"alignleft size-medium wp-image-6838\" src=\"https:\/\/muniromeral.cl\/romeral\/wp-content\/uploads\/2015\/04\/Image00009-300x200.jpg\" alt=\"Image00009\" width=\"300\" height=\"200\" srcset=\"https:\/\/muniromeral.cl\/romeral\/wp-content\/uploads\/2015\/04\/Image00009-300x200.jpg 300w, https:\/\/muniromeral.cl\/romeral\/wp-content\/uploads\/2015\/04\/Image00009-1000x667.jpg 1000w\" sizes=\"(max-width: 300px) 100vw, 300px\" \/><\/a>Junto con dar el inicio del a\u00f1o lectivo de la educaci\u00f3n municipal, en Romeral tambi\u00e9n se dio comienzo a la entrega de los resultados y balances obtenidos durante el a\u00f1o pasado por los distintos establecimientos de la comuna.<\/p>\n<p>En este sentido Christian Tello, Director de la Escuela Guaico Centro, realiz\u00f3 la cuenta p\u00fablica del establecimiento que dirige ante un importante marco docentes, funcionarios y apoderados, donde estuvo presente el alcalde de la comuna, Carlos Vergara Zerega, el concejal Carlos Aragay, la Directora Daem, Pamela Gajardo y Pedro Santelices Unidad T\u00e9cnica Pedag\u00f3gica, los que se informaron de los logros alcanzados por la comunidad educativa durante el a\u00f1o pasado.<\/p>\n<p>El director prosigui\u00f3 con la cuenta, dando a conocer los hechos importantes que se realizaron y dando luces adem\u00e1s de lo que, como equipo profesional, tienen planteado para el a\u00f1o que reci\u00e9n comenz\u00f3, todo pensado en los beneficios para \u00a0los ni\u00f1os y la comunidad en general.<\/p>\n<p><strong>Mejoras<\/strong><\/p>\n<p>En la cuenta p\u00fablica adem\u00e1s se inform\u00f3 a la comunidad educativa de la Escuela Guaico Centro de las mejores hechas en infraestructura de las salas de clases y unidades del recinto para beneficio directo de sus alumnos, detallando minuciosamente lo gastado para transparentar ante el p\u00fablico las cifras.<\/p>\n<p>\u201cEsperamos que el tema del cambio del techo, mejoramiento de los ba\u00f1os, planta de tratamiento y tambi\u00e9n algo que nos importa mucho es desarrollar un club deportivo, lo que nos permitir\u00e1 mejorar el establecimiento con proyectos y atender a los alumnos y a la comunidad de Guaico Centro\u201d coment\u00f3 el director de la escuela.<\/p>\n<p>El alcalde de la comuna se\u00f1al\u00f3 que la escuela ha progresado y eso lo muestra el balance obtenido en la cuenta p\u00fablica. \u201cLos avances han sido considerables y los resultados los evidencian. Los puntajes del Simce han aumentado, la escuela se ha presentado de otra manera con salas nuevas para k\u00ednder y pre k\u00ednder, juegos para los ni\u00f1os\u201d, coment\u00f3.<\/p>\n<p>&nbsp;<\/p>\n<p><strong>Proyecto Estrella <\/strong><\/p>\n<p>El sector Guaico Centro es zona agr\u00edcola, por tanto en tiempo de cosecha arriban a la comuna cientos de trabajadores provenientes del sur del pa\u00eds, por eso se present\u00f3 un proyecto para instaurar al idioma mapudungun en las salas de clases, todo esto para que los ni\u00f1os se empapen de nuestras ra\u00edces y conozcan la tradici\u00f3n mapuche.<\/p>\n<p>\u201cNuestro proyecto estrella es que vamos hacer la primera escuela a nivel regional que va a contar con este proyecto que es de la educaci\u00f3n intercultural biling\u00fce, donde aprenderemos de la visi\u00f3n del mundo mapuche y nosotros veremos c\u00f3mo lo insertaremos en nuestra escuela\u201d, coment\u00f3 el director.<\/p>\n<p>Por su parte, el alcalde Vergara mencion\u00f3 que esta es una excelente iniciativa, la que permitir\u00e1 a ni\u00f1os y j\u00f3venes conocer y aprender de las tradiciones ancestrales de nuestra raza y a la vez de su conocimiento en ciencia, deporte y cultura en general.<\/p>\n<p>\u201cSe incorporar\u00e1 un invernadero de hierbas medicinales, lo cual nuestros pueblos originarios lo han utilizado siempre, permitir\u00e1 aprender de sus secretos medicinales, cient\u00edficos y un mundo nuevo que tenemos y no le hemos dado el valor que merece\u201d, agreg\u00f3 el edil.<\/p>\n<p><a href=\"https:\/\/muniromeral.cl\/romeral\/wp-content\/uploads\/2015\/04\/Image00010.jpg\"><img decoding=\"async\" class=\"alignleft size-medium wp-image-6830\" src=\"https:\/\/muniromeral.cl\/romeral\/wp-content\/uploads\/2015\/04\/Image00010-300x200.jpg\" alt=\"Image00010\" width=\"300\" height=\"200\" srcset=\"https:\/\/muniromeral.cl\/romeral\/wp-content\/uploads\/2015\/04\/Image00010-300x200.jpg 300w, https:\/\/muniromeral.cl\/romeral\/wp-content\/uploads\/2015\/04\/Image00010-1000x667.jpg 1000w\" sizes=\"(max-width: 300px) 100vw, 300px\" \/><\/a> <a href=\"https:\/\/muniromeral.cl\/romeral\/wp-content\/uploads\/2015\/04\/Image00013.jpg\"><img decoding=\"async\" class=\"alignleft size-medium wp-image-6831\" src=\"https:\/\/muniromeral.cl\/romeral\/wp-content\/uploads\/2015\/04\/Image00013-300x200.jpg\" alt=\"Image00013\" width=\"300\" height=\"200\" srcset=\"https:\/\/muniromeral.cl\/romeral\/wp-content\/uploads\/2015\/04\/Image00013-300x200.jpg 300w, https:\/\/muniromeral.cl\/romeral\/wp-content\/uploads\/2015\/04\/Image00013-1000x667.jpg 1000w\" sizes=\"(max-width: 300px) 100vw, 300px\" \/><\/a> <a href=\"https:\/\/muniromeral.cl\/romeral\/wp-content\/uploads\/2015\/04\/Image00015.jpg\"><img loading=\"lazy\" decoding=\"async\" class=\"alignleft size-medium wp-image-6832\" src=\"https:\/\/muniromeral.cl\/romeral\/wp-content\/uploads\/2015\/04\/Image00015-300x200.jpg\" alt=\"Image00015\" width=\"300\" height=\"200\" srcset=\"https:\/\/muniromeral.cl\/romeral\/wp-content\/uploads\/2015\/04\/Image00015-300x200.jpg 300w, https:\/\/muniromeral.cl\/romeral\/wp-content\/uploads\/2015\/04\/Image00015-1000x667.jpg 1000w\" sizes=\"(max-width: 300px) 100vw, 300px\" \/><\/a> <a href=\"https:\/\/muniromeral.cl\/romeral\/wp-content\/uploads\/2015\/04\/Image00017.jpg\"><img loading=\"lazy\" decoding=\"async\" class=\"alignleft size-medium wp-image-6833\" src=\"https:\/\/muniromeral.cl\/romeral\/wp-content\/uploads\/2015\/04\/Image00017-300x200.jpg\" alt=\"Image00017\" width=\"300\" height=\"200\" srcset=\"https:\/\/muniromeral.cl\/romeral\/wp-content\/uploads\/2015\/04\/Image00017-300x200.jpg 300w, https:\/\/muniromeral.cl\/romeral\/wp-content\/uploads\/2015\/04\/Image00017-1000x667.jpg 1000w\" sizes=\"(max-width: 300px) 100vw, 300px\" \/><\/a> <a href=\"https:\/\/muniromeral.cl\/romeral\/wp-content\/uploads\/2015\/04\/Image00019.jpg\"><img loading=\"lazy\" decoding=\"async\" class=\"alignleft size-medium wp-image-6834\" src=\"https:\/\/muniromeral.cl\/romeral\/wp-content\/uploads\/2015\/04\/Image00019-300x200.jpg\" alt=\"Image00019\" width=\"300\" height=\"200\" srcset=\"https:\/\/muniromeral.cl\/romeral\/wp-content\/uploads\/2015\/04\/Image00019-300x200.jpg 300w, https:\/\/muniromeral.cl\/romeral\/wp-content\/uploads\/2015\/04\/Image00019-1000x667.jpg 1000w\" sizes=\"(max-width: 300px) 100vw, 300px\" \/><\/a> <a href=\"https:\/\/muniromeral.cl\/romeral\/wp-content\/uploads\/2015\/04\/Image00022.jpg\"><img loading=\"lazy\" decoding=\"async\" class=\"alignleft size-medium wp-image-6835\" src=\"https:\/\/muniromeral.cl\/romeral\/wp-content\/uploads\/2015\/04\/Image00022-300x200.jpg\" alt=\"Image00022\" width=\"300\" height=\"200\" srcset=\"https:\/\/muniromeral.cl\/romeral\/wp-content\/uploads\/2015\/04\/Image00022-300x200.jpg 300w, https:\/\/muniromeral.cl\/romeral\/wp-content\/uploads\/2015\/04\/Image00022-1000x667.jpg 1000w\" sizes=\"(max-width: 300px) 100vw, 300px\" \/><\/a> <a href=\"https:\/\/muniromeral.cl\/romeral\/wp-content\/uploads\/2015\/04\/Image00026.jpg\"><img loading=\"lazy\" decoding=\"async\" class=\"alignleft size-medium wp-image-6836\" src=\"https:\/\/muniromeral.cl\/romeral\/wp-content\/uploads\/2015\/04\/Image00026-300x200.jpg\" alt=\"Image00026\" width=\"300\" height=\"200\" srcset=\"https:\/\/muniromeral.cl\/romeral\/wp-content\/uploads\/2015\/04\/Image00026-300x200.jpg 300w, https:\/\/muniromeral.cl\/romeral\/wp-content\/uploads\/2015\/04\/Image00026-1000x667.jpg 1000w\" sizes=\"(max-width: 300px) 100vw, 300px\" \/><\/a> <a href=\"https:\/\/muniromeral.cl\/romeral\/wp-content\/uploads\/2015\/04\/Image00029.jpg\"><img loading=\"lazy\" decoding=\"async\" class=\"alignleft size-medium wp-image-6837\" src=\"https:\/\/muniromeral.cl\/romeral\/wp-content\/uploads\/2015\/04\/Image00029-300x200.jpg\" alt=\"Image00029\" width=\"300\" height=\"200\" srcset=\"https:\/\/muniromeral.cl\/romeral\/wp-content\/uploads\/2015\/04\/Image00029-300x200.jpg 300w, https:\/\/muniromeral.cl\/romeral\/wp-content\/uploads\/2015\/04\/Image00029-1000x667.jpg 1000w\" sizes=\"(max-width: 300px) 100vw, 300px\" \/><\/a><\/p>\n<p>&nbsp;<\/p>\n","protected":false},"excerpt":{"rendered":"<p>Junto con dar el inicio del a\u00f1o lectivo de la educaci\u00f3n municipal, en Romeral tambi\u00e9n se dio comienzo a la entrega de los resultados y balances obtenidos durante el a\u00f1o pasado por los distintos establecimientos de la comuna. En este sentido Christian Tello, Director de la Escuela Guaico Centro, realiz\u00f3 la cuenta p\u00fablica del establecimiento que dirige ante un importante marco docentes, funcionarios y apoderados, donde estuvo presente el alcalde de la comuna, Carlos Vergara Zerega, el concejal Carlos Aragay, la Directora Daem, Pamela Gajardo y Pedro Santelices Unidad T\u00e9cnica Pedag\u00f3gica, los que se informaron de los logros alcanzados por la comunidad educativa durante el a\u00f1o pasado. El director prosigui\u00f3 con la cuenta, dando a conocer los hechos importantes que se realizaron y dando luces adem\u00e1s de lo que, como equipo profesional, tienen planteado para el a\u00f1o que reci\u00e9n comenz\u00f3, todo pensado en los beneficios para \u00a0los ni\u00f1os y la comunidad en general. Mejoras En la cuenta p\u00fablica adem\u00e1s se inform\u00f3 a la comunidad educativa de la Escuela Guaico Centro de las mejores hechas en infraestructura de las salas de clases y unidades del recinto para beneficio directo de sus alumnos, detallando minuciosamente lo gastado para transparentar ante el p\u00fablico las cifras. \u201cEsperamos que el tema del cambio del techo, mejoramiento de los ba\u00f1os, planta de tratamiento y tambi\u00e9n algo que nos importa mucho es desarrollar un club deportivo, lo que nos permitir\u00e1 mejorar el establecimiento con proyectos y atender a los alumnos y a la comunidad de Guaico Centro\u201d coment\u00f3 el director de la escuela. El alcalde de la comuna se\u00f1al\u00f3 que la escuela ha progresado y eso lo muestra el balance obtenido en la cuenta p\u00fablica. \u201cLos avances han sido considerables y los resultados los evidencian. Los puntajes del Simce han aumentado, la escuela se ha presentado de otra manera con salas nuevas para k\u00ednder y pre k\u00ednder, juegos para los ni\u00f1os\u201d, coment\u00f3. &nbsp; Proyecto Estrella El sector Guaico Centro es zona agr\u00edcola, por tanto en tiempo de cosecha arriban a la comuna cientos de trabajadores provenientes del sur del pa\u00eds, por eso se present\u00f3 un proyecto para instaurar al idioma mapudungun en las salas de clases, todo esto para que los ni\u00f1os se empapen de nuestras ra\u00edces y conozcan la tradici\u00f3n mapuche. \u201cNuestro proyecto estrella es que vamos hacer la primera escuela a nivel regional que va a contar con este proyecto que es de la educaci\u00f3n intercultural biling\u00fce, donde aprenderemos de la visi\u00f3n del mundo mapuche y nosotros veremos c\u00f3mo lo insertaremos en nuestra escuela\u201d, coment\u00f3 el director. Por su parte, el alcalde Vergara mencion\u00f3 que esta es una excelente iniciativa, la que permitir\u00e1 a ni\u00f1os y j\u00f3venes conocer y aprender de las tradiciones ancestrales de nuestra raza y a la vez de su conocimiento en ciencia, deporte y cultura en general. \u201cSe incorporar\u00e1 un invernadero de hierbas medicinales, lo cual nuestros pueblos originarios lo han utilizado siempre, permitir\u00e1 aprender de sus secretos medicinales, cient\u00edficos y un mundo nuevo que tenemos y no le hemos dado el valor que merece\u201d, agreg\u00f3 el edil. &nbsp;<\/p>\n","protected":false},"author":2,"featured_media":6838,"comment_status":"closed","ping_status":"open","sticky":false,"template":"","format":"standard","meta":{"footnotes":""},"categories":[8],"tags":[],"class_list":["post-6829","post","type-post","status-publish","format-standard","has-post-thumbnail","hentry","category-a_izq"],"_links":{"self":[{"href":"https:\/\/muniromeral.cl\/romeral\/index.php?rest_route=\/wp\/v2\/posts\/6829","targetHints":{"allow":["GET"]}}],"collection":[{"href":"https:\/\/muniromeral.cl\/romeral\/index.php?rest_route=\/wp\/v2\/posts"}],"about":[{"href":"https:\/\/muniromeral.cl\/romeral\/index.php?rest_route=\/wp\/v2\/types\/post"}],"author":[{"embeddable":true,"href":"https:\/\/muniromeral.cl\/romeral\/index.php?rest_route=\/wp\/v2\/users\/2"}],"replies":[{"embeddable":true,"href":"https:\/\/muniromeral.cl\/romeral\/index.php?rest_route=%2Fwp%2Fv2%2Fcomments&post=6829"}],"version-history":[{"count":1,"href":"https:\/\/muniromeral.cl\/romeral\/index.php?rest_route=\/wp\/v2\/posts\/6829\/revisions"}],"predecessor-version":[{"id":6839,"href":"https:\/\/muniromeral.cl\/romeral\/index.php?rest_route=\/wp\/v2\/posts\/6829\/revisions\/6839"}],"wp:featuredmedia":[{"embeddable":true,"href":"https:\/\/muniromeral.cl\/romeral\/index.php?rest_route=\/wp\/v2\/media\/6838"}],"wp:attachment":[{"href":"https:\/\/muniromeral.cl\/romeral\/index.php?rest_route=%2Fwp%2Fv2%2Fmedia&parent=6829"}],"wp:term":[{"taxonomy":"category","embeddable":true,"href":"https:\/\/muniromeral.cl\/romeral\/index.php?rest_route=%2Fwp%2Fv2%2Fcategories&post=6829"},{"taxonomy":"post_tag","embeddable":true,"href":"https:\/\/muniromeral.cl\/romeral\/index.php?rest_route=%2Fwp%2Fv2%2Ftags&post=6829"}],"curies":[{"name":"wp","href":"https:\/\/api.w.org\/{rel}","templated":true}]}}