{"id":6965,"date":"2015-04-29T11:01:48","date_gmt":"2015-04-29T15:01:48","guid":{"rendered":"http:\/\/muniromeral.cl\/romeral\/?p=6965"},"modified":"2015-04-29T14:04:18","modified_gmt":"2015-04-29T18:04:18","slug":"ante-un-gran-marco-de-personas-alcalde-de-romeral-rindio-cuenta-publica-2014","status":"publish","type":"post","link":"https:\/\/muniromeral.cl\/romeral\/?p=6965","title":{"rendered":"Alcalde de Romeral rindi\u00f3 Cuenta P\u00fablica 2014 ante un gran marco de personas y autoridades"},"content":{"rendered":"<p><a href=\"https:\/\/muniromeral.cl\/romeral\/wp-content\/uploads\/2015\/04\/Image00088.jpg\"><img fetchpriority=\"high\" decoding=\"async\" class=\"alignleft size-medium wp-image-6976\" src=\"https:\/\/muniromeral.cl\/romeral\/wp-content\/uploads\/2015\/04\/Image00088-300x200.jpg\" alt=\"Image00088\" width=\"300\" height=\"200\" srcset=\"https:\/\/muniromeral.cl\/romeral\/wp-content\/uploads\/2015\/04\/Image00088-300x200.jpg 300w, https:\/\/muniromeral.cl\/romeral\/wp-content\/uploads\/2015\/04\/Image00088-1000x667.jpg 1000w\" sizes=\"(max-width: 300px) 100vw, 300px\" \/><\/a><\/p>\n<p>Cumpliendo con lo establecido en la normativa de la Ley 18.695 Org\u00e1nica Constitucional de Municipalidades, y de acuerdo al Art\u00edculo 67, que establece que el alcalde debe dar cuenta p\u00fablica al concejo municipal y a la comunidad, el Alcalde de Romeral, Carlos Vergara Zerega, entreg\u00f3 la cuenta p\u00fablica de su gesti\u00f3n correspondiente al a\u00f1o 2014, ante m\u00e1s de 300 romeralinos que acompa\u00f1aron\u00a0 al edil en esta importante actividad.<\/p>\n<p>La cuenta se desarroll\u00f3 como nunca antes en la Plaza de Armas de Romeral, ante la presencia del Intendente Hugo Veloso, quien estuvo presente junto a diversas autoridades civiles y policiales, ocasi\u00f3n en la que el jefe comunal destac\u00f3 los principales hitos de la gesti\u00f3n municipal en diversas materias, tales como: educaci\u00f3n, salud, desarrollo social, infraestructura, deportes, turismo, entre otros.<\/p>\n<p>Ante un gran marco de personas, el alcalde hizo nuevamente presente el compromiso de la gesti\u00f3n que \u00e9l encabeza con todas las organizaciones y fuerzas vivas de la comuna, adem\u00e1s de trabajar en tem\u00e1ticas deportivas y en la concreci\u00f3n de proyectos emblem\u00e1ticos como la pavimentaci\u00f3n del camino desde Los Maquis hasta Los Que\u00f1es, la remodelaci\u00f3n total de la Plaza de Armas y del balneario Pumait\u00e9n, el Festival de la Guinda, entre otros.<\/p>\n<p>El alcalde, en su disertaci\u00f3n ante las autoridades presentes y ante el concejo, se resumi\u00f3 en dar un balance de la ejecuci\u00f3n presupuestaria y el estado de situaci\u00f3n financiera, indicando la forma en que la previsi\u00f3n de ingresos y gastos se ha cumplido efectivamente, comentando alegremente que el municipio est\u00e1 \u201csaneado\u201d financieramente.<\/p>\n<p>El intendente de la regi\u00f3n felicit\u00f3 y tuvo palabras de apoyo hacia la gesti\u00f3n del alcalde Vergara, dejando en claro que el edil ha cumplido con buscar soluciones a nivel regional para dar soluci\u00f3n a las problem\u00e1ticas de la comuna. Asimismo, el jefe regional coment\u00f3 que la exposici\u00f3n fue clara en todo sentido, lo que ayud\u00f3 a entender mejor al public\u00f3.<\/p>\n<p><strong>Acciones a cumplir<\/strong><\/p>\n<p>Dentro de la exposici\u00f3n, el alcalde repas\u00f3 las acciones realizadas para el cumplimiento del plan comunal de desarrollo, as\u00ed como los estados de avance de los programas de mediano y largo plazo, las metas cumplidas y los objetivos alcanzados durante el proceso 2014.<\/p>\n<p>Las inversiones efectuadas en relaci\u00f3n con los proyectos concluidos en el per\u00edodo y aquellos en ejecuci\u00f3n, se\u00f1alando espec\u00edficamente las fuentes de su financiamiento. El edil entreg\u00f3 un resumen de las observaciones m\u00e1s relevantes efectuadas por la Contralor\u00eda General de la Rep\u00fablica, en cumplimiento de sus funciones propias, relacionadas con la administraci\u00f3n municipal y los convenios celebrados con otras instituciones, p\u00fablicas o privadas.<\/p>\n<p>Respecto de lo que establece la Ley 18.695 Org\u00e1nica Constitucional de Municipalidad, el jefe comunal coment\u00f3 sentirse conforme con lo entregado durante el a\u00f1o 2014 y aclar\u00f3 que fue un a\u00f1o lleno de proyectos los cuales este a\u00f1o se ver\u00e1n los frutos de la larga espera.<\/p>\n<p>\u201cEste ha sido un trabajo en equipo con el concejo municipal y eso se ve reflejado en los proyectos realizados el a\u00f1o pasado, los cuales se ver\u00e1n los frutos durante el 2015. La gesti\u00f3n se ha visto y eso se ha hecho notar con la visita del ministro del interior, tambi\u00e9n del ministro Elizalde y as\u00ed hemos ido conformando la presencia de nuestra comuna a nivel nacional\u201d, coment\u00f3 el alcalde.<\/p>\n<p>Tambi\u00e9n se\u00f1al\u00f3 un renuevo en el compromiso con la comuna y con las organizaciones comunitarias, con la cultura a trav\u00e9s de la conformaci\u00f3n de la Corporaci\u00f3n Cultural, en el deporte y la recreaci\u00f3n, con adultos mayores, entre otros, con el fin de acercarse mucho m\u00e1s a los romeralinos.<\/p>\n<p>El acto cont\u00f3 adem\u00e1s con la presencia de la Orquesta Instrumental de la escuela Tres Esquinas y del Coro Infantil de la Escuela Ram\u00f3n Freire, quienes deslumbraron a los presentes con una puesta en escena de primer nivel.<\/p>\n<p>&nbsp;<\/p>\n<p><a href=\"https:\/\/muniromeral.cl\/romeral\/wp-content\/uploads\/2015\/04\/Image000132.jpg\"><img decoding=\"async\" class=\"alignleft size-medium wp-image-6966\" src=\"https:\/\/muniromeral.cl\/romeral\/wp-content\/uploads\/2015\/04\/Image000132-300x200.jpg\" alt=\"Image00013\" width=\"300\" height=\"200\" srcset=\"https:\/\/muniromeral.cl\/romeral\/wp-content\/uploads\/2015\/04\/Image000132-300x200.jpg 300w, https:\/\/muniromeral.cl\/romeral\/wp-content\/uploads\/2015\/04\/Image000132-1000x667.jpg 1000w\" sizes=\"(max-width: 300px) 100vw, 300px\" \/><\/a> <a href=\"https:\/\/muniromeral.cl\/romeral\/wp-content\/uploads\/2015\/04\/Image000172.jpg\"><img decoding=\"async\" class=\"alignleft size-medium wp-image-6967\" src=\"https:\/\/muniromeral.cl\/romeral\/wp-content\/uploads\/2015\/04\/Image000172-300x200.jpg\" alt=\"Image00017\" width=\"300\" height=\"200\" srcset=\"https:\/\/muniromeral.cl\/romeral\/wp-content\/uploads\/2015\/04\/Image000172-300x200.jpg 300w, https:\/\/muniromeral.cl\/romeral\/wp-content\/uploads\/2015\/04\/Image000172-1000x667.jpg 1000w\" sizes=\"(max-width: 300px) 100vw, 300px\" \/><\/a> <a href=\"https:\/\/muniromeral.cl\/romeral\/wp-content\/uploads\/2015\/04\/Image000311.jpg\"><img loading=\"lazy\" decoding=\"async\" class=\"alignleft size-medium wp-image-6968\" src=\"https:\/\/muniromeral.cl\/romeral\/wp-content\/uploads\/2015\/04\/Image000311-300x200.jpg\" alt=\"Image00031\" width=\"300\" height=\"200\" srcset=\"https:\/\/muniromeral.cl\/romeral\/wp-content\/uploads\/2015\/04\/Image000311-300x200.jpg 300w, https:\/\/muniromeral.cl\/romeral\/wp-content\/uploads\/2015\/04\/Image000311-1000x667.jpg 1000w\" sizes=\"(max-width: 300px) 100vw, 300px\" \/><\/a> <a href=\"https:\/\/muniromeral.cl\/romeral\/wp-content\/uploads\/2015\/04\/Image000401.jpg\"><img loading=\"lazy\" decoding=\"async\" class=\"alignleft size-medium wp-image-6969\" src=\"https:\/\/muniromeral.cl\/romeral\/wp-content\/uploads\/2015\/04\/Image000401-300x200.jpg\" alt=\"Image00040\" width=\"300\" height=\"200\" srcset=\"https:\/\/muniromeral.cl\/romeral\/wp-content\/uploads\/2015\/04\/Image000401-300x200.jpg 300w, https:\/\/muniromeral.cl\/romeral\/wp-content\/uploads\/2015\/04\/Image000401-1000x667.jpg 1000w\" sizes=\"(max-width: 300px) 100vw, 300px\" \/><\/a> <a href=\"https:\/\/muniromeral.cl\/romeral\/wp-content\/uploads\/2015\/04\/Image000421.jpg\"><img loading=\"lazy\" decoding=\"async\" class=\"alignleft size-medium wp-image-6970\" src=\"https:\/\/muniromeral.cl\/romeral\/wp-content\/uploads\/2015\/04\/Image000421-300x200.jpg\" alt=\"Image00042\" width=\"300\" height=\"200\" srcset=\"https:\/\/muniromeral.cl\/romeral\/wp-content\/uploads\/2015\/04\/Image000421-300x200.jpg 300w, https:\/\/muniromeral.cl\/romeral\/wp-content\/uploads\/2015\/04\/Image000421-1000x667.jpg 1000w\" sizes=\"(max-width: 300px) 100vw, 300px\" \/><\/a> <a href=\"https:\/\/muniromeral.cl\/romeral\/wp-content\/uploads\/2015\/04\/Image00057.jpg\"><img loading=\"lazy\" decoding=\"async\" class=\"alignleft size-medium wp-image-6971\" src=\"https:\/\/muniromeral.cl\/romeral\/wp-content\/uploads\/2015\/04\/Image00057-300x200.jpg\" alt=\"Image00057\" width=\"300\" height=\"200\" srcset=\"https:\/\/muniromeral.cl\/romeral\/wp-content\/uploads\/2015\/04\/Image00057-300x200.jpg 300w, https:\/\/muniromeral.cl\/romeral\/wp-content\/uploads\/2015\/04\/Image00057-1000x667.jpg 1000w\" sizes=\"(max-width: 300px) 100vw, 300px\" \/><\/a> <a href=\"https:\/\/muniromeral.cl\/romeral\/wp-content\/uploads\/2015\/04\/Image000611.jpg\"><img loading=\"lazy\" decoding=\"async\" class=\"alignleft size-medium wp-image-6972\" src=\"https:\/\/muniromeral.cl\/romeral\/wp-content\/uploads\/2015\/04\/Image000611-300x200.jpg\" alt=\"Image00061\" width=\"300\" height=\"200\" srcset=\"https:\/\/muniromeral.cl\/romeral\/wp-content\/uploads\/2015\/04\/Image000611-300x200.jpg 300w, https:\/\/muniromeral.cl\/romeral\/wp-content\/uploads\/2015\/04\/Image000611-1000x667.jpg 1000w\" sizes=\"(max-width: 300px) 100vw, 300px\" \/><\/a> <a href=\"https:\/\/muniromeral.cl\/romeral\/wp-content\/uploads\/2015\/04\/Image000691.jpg\"><img loading=\"lazy\" decoding=\"async\" class=\"alignleft size-medium wp-image-6973\" src=\"https:\/\/muniromeral.cl\/romeral\/wp-content\/uploads\/2015\/04\/Image000691-300x200.jpg\" alt=\"Image00069\" width=\"300\" height=\"200\" srcset=\"https:\/\/muniromeral.cl\/romeral\/wp-content\/uploads\/2015\/04\/Image000691-300x200.jpg 300w, https:\/\/muniromeral.cl\/romeral\/wp-content\/uploads\/2015\/04\/Image000691-1000x667.jpg 1000w\" sizes=\"(max-width: 300px) 100vw, 300px\" \/><\/a> <a href=\"https:\/\/muniromeral.cl\/romeral\/wp-content\/uploads\/2015\/04\/Image00080.jpg\"><img loading=\"lazy\" decoding=\"async\" class=\"alignleft size-medium wp-image-6974\" src=\"https:\/\/muniromeral.cl\/romeral\/wp-content\/uploads\/2015\/04\/Image00080-300x200.jpg\" alt=\"Image00080\" width=\"300\" height=\"200\" srcset=\"https:\/\/muniromeral.cl\/romeral\/wp-content\/uploads\/2015\/04\/Image00080-300x200.jpg 300w, https:\/\/muniromeral.cl\/romeral\/wp-content\/uploads\/2015\/04\/Image00080-1000x667.jpg 1000w\" sizes=\"(max-width: 300px) 100vw, 300px\" \/><\/a> <a href=\"https:\/\/muniromeral.cl\/romeral\/wp-content\/uploads\/2015\/04\/Image00082.jpg\"><img loading=\"lazy\" decoding=\"async\" class=\"alignleft size-medium wp-image-6975\" src=\"https:\/\/muniromeral.cl\/romeral\/wp-content\/uploads\/2015\/04\/Image00082-300x200.jpg\" alt=\"Image00082\" width=\"300\" height=\"200\" srcset=\"https:\/\/muniromeral.cl\/romeral\/wp-content\/uploads\/2015\/04\/Image00082-300x200.jpg 300w, https:\/\/muniromeral.cl\/romeral\/wp-content\/uploads\/2015\/04\/Image00082-1000x667.jpg 1000w\" sizes=\"(max-width: 300px) 100vw, 300px\" \/><\/a> <a href=\"https:\/\/muniromeral.cl\/romeral\/wp-content\/uploads\/2015\/04\/Image00088.jpg\"><img fetchpriority=\"high\" decoding=\"async\" class=\"alignleft size-medium wp-image-6976\" src=\"https:\/\/muniromeral.cl\/romeral\/wp-content\/uploads\/2015\/04\/Image00088-300x200.jpg\" alt=\"Image00088\" width=\"300\" height=\"200\" srcset=\"https:\/\/muniromeral.cl\/romeral\/wp-content\/uploads\/2015\/04\/Image00088-300x200.jpg 300w, https:\/\/muniromeral.cl\/romeral\/wp-content\/uploads\/2015\/04\/Image00088-1000x667.jpg 1000w\" sizes=\"(max-width: 300px) 100vw, 300px\" \/><\/a> <a href=\"https:\/\/muniromeral.cl\/romeral\/wp-content\/uploads\/2015\/04\/Image00089.jpg\"><img loading=\"lazy\" decoding=\"async\" class=\"alignleft size-medium wp-image-6977\" src=\"https:\/\/muniromeral.cl\/romeral\/wp-content\/uploads\/2015\/04\/Image00089-300x200.jpg\" alt=\"Image00089\" width=\"300\" height=\"200\" srcset=\"https:\/\/muniromeral.cl\/romeral\/wp-content\/uploads\/2015\/04\/Image00089-300x200.jpg 300w, https:\/\/muniromeral.cl\/romeral\/wp-content\/uploads\/2015\/04\/Image00089-1000x667.jpg 1000w\" sizes=\"(max-width: 300px) 100vw, 300px\" \/><\/a> <a href=\"https:\/\/muniromeral.cl\/romeral\/wp-content\/uploads\/2015\/04\/Image00096.jpg\"><img loading=\"lazy\" decoding=\"async\" class=\"alignleft size-medium wp-image-6978\" src=\"https:\/\/muniromeral.cl\/romeral\/wp-content\/uploads\/2015\/04\/Image00096-300x200.jpg\" alt=\"Image00096\" width=\"300\" height=\"200\" srcset=\"https:\/\/muniromeral.cl\/romeral\/wp-content\/uploads\/2015\/04\/Image00096-300x200.jpg 300w, https:\/\/muniromeral.cl\/romeral\/wp-content\/uploads\/2015\/04\/Image00096-1000x667.jpg 1000w\" sizes=\"(max-width: 300px) 100vw, 300px\" \/><\/a> <a href=\"https:\/\/muniromeral.cl\/romeral\/wp-content\/uploads\/2015\/04\/Image00100.jpg\"><img loading=\"lazy\" decoding=\"async\" class=\"alignleft size-medium wp-image-6979\" src=\"https:\/\/muniromeral.cl\/romeral\/wp-content\/uploads\/2015\/04\/Image00100-200x300.jpg\" alt=\"Image00100\" width=\"200\" height=\"300\" srcset=\"https:\/\/muniromeral.cl\/romeral\/wp-content\/uploads\/2015\/04\/Image00100-200x300.jpg 200w, https:\/\/muniromeral.cl\/romeral\/wp-content\/uploads\/2015\/04\/Image00100-667x1000.jpg 667w\" sizes=\"(max-width: 200px) 100vw, 200px\" \/><\/a> <a href=\"https:\/\/muniromeral.cl\/romeral\/wp-content\/uploads\/2015\/04\/Image00108.jpg\"><img loading=\"lazy\" decoding=\"async\" class=\"alignleft size-medium wp-image-6980\" src=\"https:\/\/muniromeral.cl\/romeral\/wp-content\/uploads\/2015\/04\/Image00108-300x200.jpg\" alt=\"Image00108\" width=\"300\" height=\"200\" srcset=\"https:\/\/muniromeral.cl\/romeral\/wp-content\/uploads\/2015\/04\/Image00108-300x200.jpg 300w, https:\/\/muniromeral.cl\/romeral\/wp-content\/uploads\/2015\/04\/Image00108-1000x667.jpg 1000w, https:\/\/muniromeral.cl\/romeral\/wp-content\/uploads\/2015\/04\/Image00108-75x50.jpg 75w\" sizes=\"(max-width: 300px) 100vw, 300px\" \/><\/a> <a href=\"https:\/\/muniromeral.cl\/romeral\/wp-content\/uploads\/2015\/04\/Image00123.jpg\"><img loading=\"lazy\" decoding=\"async\" class=\"alignleft size-medium wp-image-6981\" src=\"https:\/\/muniromeral.cl\/romeral\/wp-content\/uploads\/2015\/04\/Image00123-300x200.jpg\" alt=\"Image00123\" width=\"300\" height=\"200\" srcset=\"https:\/\/muniromeral.cl\/romeral\/wp-content\/uploads\/2015\/04\/Image00123-300x200.jpg 300w, https:\/\/muniromeral.cl\/romeral\/wp-content\/uploads\/2015\/04\/Image00123-1000x667.jpg 1000w\" sizes=\"(max-width: 300px) 100vw, 300px\" \/><\/a> <a href=\"https:\/\/muniromeral.cl\/romeral\/wp-content\/uploads\/2015\/04\/Image00140.jpg\"><img loading=\"lazy\" decoding=\"async\" class=\"alignleft size-medium wp-image-6982\" src=\"https:\/\/muniromeral.cl\/romeral\/wp-content\/uploads\/2015\/04\/Image00140-300x200.jpg\" alt=\"Image00140\" width=\"300\" height=\"200\" srcset=\"https:\/\/muniromeral.cl\/romeral\/wp-content\/uploads\/2015\/04\/Image00140-300x200.jpg 300w, https:\/\/muniromeral.cl\/romeral\/wp-content\/uploads\/2015\/04\/Image00140-1000x667.jpg 1000w\" sizes=\"(max-width: 300px) 100vw, 300px\" \/><\/a> <a href=\"https:\/\/muniromeral.cl\/romeral\/wp-content\/uploads\/2015\/04\/Image00170.jpg\"><img loading=\"lazy\" decoding=\"async\" class=\"alignleft size-medium wp-image-6983\" src=\"https:\/\/muniromeral.cl\/romeral\/wp-content\/uploads\/2015\/04\/Image00170-300x200.jpg\" alt=\"Image00170\" width=\"300\" height=\"200\" srcset=\"https:\/\/muniromeral.cl\/romeral\/wp-content\/uploads\/2015\/04\/Image00170-300x200.jpg 300w, https:\/\/muniromeral.cl\/romeral\/wp-content\/uploads\/2015\/04\/Image00170-1000x667.jpg 1000w\" sizes=\"(max-width: 300px) 100vw, 300px\" \/><\/a> <a href=\"https:\/\/muniromeral.cl\/romeral\/wp-content\/uploads\/2015\/04\/Image00171.jpg\"><img loading=\"lazy\" decoding=\"async\" class=\"alignleft size-medium wp-image-6984\" src=\"https:\/\/muniromeral.cl\/romeral\/wp-content\/uploads\/2015\/04\/Image00171-300x200.jpg\" alt=\"Image00171\" width=\"300\" height=\"200\" srcset=\"https:\/\/muniromeral.cl\/romeral\/wp-content\/uploads\/2015\/04\/Image00171-300x200.jpg 300w, https:\/\/muniromeral.cl\/romeral\/wp-content\/uploads\/2015\/04\/Image00171-1000x667.jpg 1000w\" sizes=\"(max-width: 300px) 100vw, 300px\" \/><\/a> <a href=\"https:\/\/muniromeral.cl\/romeral\/wp-content\/uploads\/2015\/04\/Image00184.jpg\"><img loading=\"lazy\" decoding=\"async\" class=\"alignleft size-medium wp-image-6985\" src=\"https:\/\/muniromeral.cl\/romeral\/wp-content\/uploads\/2015\/04\/Image00184-300x200.jpg\" alt=\"Image00184\" width=\"300\" height=\"200\" srcset=\"https:\/\/muniromeral.cl\/romeral\/wp-content\/uploads\/2015\/04\/Image00184-300x200.jpg 300w, https:\/\/muniromeral.cl\/romeral\/wp-content\/uploads\/2015\/04\/Image00184-1000x667.jpg 1000w\" sizes=\"(max-width: 300px) 100vw, 300px\" \/><\/a><\/p>\n<p>&nbsp;<\/p>\n<p>&nbsp;<\/p>\n<p>&nbsp;<\/p>\n<p>&nbsp;<\/p>\n<p>&nbsp;<\/p>\n<p>&nbsp;<\/p>\n<p>&nbsp;<\/p>\n<p>&nbsp;<\/p>\n<p>&nbsp;<\/p>\n<p>&nbsp;<\/p>\n<p>&nbsp;<\/p>\n<p>&nbsp;<\/p>\n<p>&nbsp;<\/p>\n<p>&nbsp;<\/p>\n<p>&nbsp;<\/p>\n<p>&nbsp;<\/p>\n<p>&nbsp;<\/p>\n<p>&nbsp;<\/p>\n<p>&nbsp;<\/p>\n<p>&nbsp;<\/p>\n<p>&nbsp;<\/p>\n<p>&nbsp;<\/p>\n<p>&nbsp;<\/p>\n<p>&nbsp;<\/p>\n<p>&nbsp;<\/p>\n<p>&nbsp;<\/p>\n<p>&nbsp;<\/p>\n<p>&nbsp;<\/p>\n<p>&nbsp;<\/p>\n<p>&nbsp;<\/p>\n<p>&nbsp;<\/p>\n<p>&nbsp;<\/p>\n<p>&nbsp;<\/p>\n<p>&nbsp;<\/p>\n<p>&nbsp;<\/p>\n<p>&nbsp;<\/p>\n<p>&nbsp;<\/p>\n<p>&nbsp;<\/p>\n<p>&nbsp;<\/p>\n<p>&nbsp;<\/p>\n<p>&nbsp;<\/p>\n<p>&nbsp;<\/p>\n<p>&nbsp;<\/p>\n<p>&nbsp;<\/p>\n<p>&nbsp;<\/p>\n<p>&nbsp;<\/p>\n<p>&nbsp;<\/p>\n<p>&nbsp;<\/p>\n<p>&nbsp;<\/p>\n<p>&nbsp;<\/p>\n<p>&nbsp;<\/p>\n<p>&nbsp;<\/p>\n<p>&nbsp;<\/p>\n<p>&nbsp;<\/p>\n<p>&nbsp;<\/p>\n<p>&nbsp;<\/p>\n<p>&nbsp;<\/p>\n<p>&nbsp;<\/p>\n<p>&nbsp;<\/p>\n<p>&nbsp;<\/p>\n<p>&nbsp;<\/p>\n<p><a href=\"https:\/\/muniromeral.cl\/romeral\/wp-content\/uploads\/2015\/04\/Cuenta-Publica-Romeral-2014.compressed.pdf\" target=\"_blank\"><strong>Descargar Cuenta Publica 2014<\/strong><\/a><\/p>\n","protected":false},"excerpt":{"rendered":"<p>Cumpliendo con lo establecido en la normativa de la Ley 18.695 Org\u00e1nica Constitucional de Municipalidades, y de acuerdo al Art\u00edculo 67, que establece que el alcalde debe dar cuenta p\u00fablica al concejo municipal y a la comunidad, el Alcalde de Romeral, Carlos Vergara Zerega, entreg\u00f3 la cuenta p\u00fablica de su gesti\u00f3n correspondiente al a\u00f1o 2014, ante m\u00e1s de 300 romeralinos que acompa\u00f1aron\u00a0 al edil en esta importante actividad. La cuenta se desarroll\u00f3 como nunca antes en la Plaza de Armas de Romeral, ante la presencia del Intendente Hugo Veloso, quien estuvo presente junto a diversas autoridades civiles y policiales, ocasi\u00f3n en la que el jefe comunal destac\u00f3 los principales hitos de la gesti\u00f3n municipal en diversas materias, tales como: educaci\u00f3n, salud, desarrollo social, infraestructura, deportes, turismo, entre otros. Ante un gran marco de personas, el alcalde hizo nuevamente presente el compromiso de la gesti\u00f3n que \u00e9l encabeza con todas las organizaciones y fuerzas vivas de la comuna, adem\u00e1s de trabajar en tem\u00e1ticas deportivas y en la concreci\u00f3n de proyectos emblem\u00e1ticos como la pavimentaci\u00f3n del camino desde Los Maquis hasta Los Que\u00f1es, la remodelaci\u00f3n total de la Plaza de Armas y del balneario Pumait\u00e9n, el Festival de la Guinda, entre otros. El alcalde, en su disertaci\u00f3n ante las autoridades presentes y ante el concejo, se resumi\u00f3 en dar un balance de la ejecuci\u00f3n presupuestaria y el estado de situaci\u00f3n financiera, indicando la forma en que la previsi\u00f3n de ingresos y gastos se ha cumplido efectivamente, comentando alegremente que el municipio est\u00e1 \u201csaneado\u201d financieramente. El intendente de la regi\u00f3n felicit\u00f3 y tuvo palabras de apoyo hacia la gesti\u00f3n del alcalde Vergara, dejando en claro que el edil ha cumplido con buscar soluciones a nivel regional para dar soluci\u00f3n a las problem\u00e1ticas de la comuna. Asimismo, el jefe regional coment\u00f3 que la exposici\u00f3n fue clara en todo sentido, lo que ayud\u00f3 a entender mejor al public\u00f3. Acciones a cumplir Dentro de la exposici\u00f3n, el alcalde repas\u00f3 las acciones realizadas para el cumplimiento del plan comunal de desarrollo, as\u00ed como los estados de avance de los programas de mediano y largo plazo, las metas cumplidas y los objetivos alcanzados durante el proceso 2014. Las inversiones efectuadas en relaci\u00f3n con los proyectos concluidos en el per\u00edodo y aquellos en ejecuci\u00f3n, se\u00f1alando espec\u00edficamente las fuentes de su financiamiento. El edil entreg\u00f3 un resumen de las observaciones m\u00e1s relevantes efectuadas por la Contralor\u00eda General de la Rep\u00fablica, en cumplimiento de sus funciones propias, relacionadas con la administraci\u00f3n municipal y los convenios celebrados con otras instituciones, p\u00fablicas o privadas. Respecto de lo que establece la Ley 18.695 Org\u00e1nica Constitucional de Municipalidad, el jefe comunal coment\u00f3 sentirse conforme con lo entregado durante el a\u00f1o 2014 y aclar\u00f3 que fue un a\u00f1o lleno de proyectos los cuales este a\u00f1o se ver\u00e1n los frutos de la larga espera. \u201cEste ha sido un trabajo en equipo con el concejo municipal y eso se ve reflejado en los proyectos realizados el a\u00f1o pasado, los cuales se ver\u00e1n los frutos durante el 2015. La gesti\u00f3n se ha visto y eso se ha hecho notar con la visita del ministro del interior, tambi\u00e9n del ministro Elizalde y as\u00ed hemos ido conformando la presencia de nuestra comuna a nivel nacional\u201d, coment\u00f3 el alcalde. Tambi\u00e9n se\u00f1al\u00f3 un renuevo en el compromiso con la comuna y con las organizaciones comunitarias, con la cultura a trav\u00e9s de la conformaci\u00f3n de la Corporaci\u00f3n Cultural, en el deporte y la recreaci\u00f3n, con adultos mayores, entre otros, con el fin de acercarse mucho m\u00e1s a los romeralinos. El acto cont\u00f3 adem\u00e1s con la presencia de la Orquesta Instrumental de la escuela Tres Esquinas y del Coro Infantil de la Escuela Ram\u00f3n Freire, quienes deslumbraron a los presentes con una puesta en escena de primer nivel. &nbsp; &nbsp; &nbsp; &nbsp; &nbsp; &nbsp; &nbsp; &nbsp; &nbsp; &nbsp; &nbsp; &nbsp; &nbsp; &nbsp; &nbsp; &nbsp; &nbsp; &nbsp; &nbsp; &nbsp; &nbsp; &nbsp; &nbsp; &nbsp; &nbsp; &nbsp; &nbsp; &nbsp; &nbsp; &nbsp; &nbsp; &nbsp; &nbsp; &nbsp; &nbsp; &nbsp; &nbsp; &nbsp; &nbsp; &nbsp; &nbsp; &nbsp; &nbsp; &nbsp; &nbsp; &nbsp; &nbsp; &nbsp; &nbsp; &nbsp; &nbsp; &nbsp; &nbsp; &nbsp; &nbsp; &nbsp; &nbsp; &nbsp; &nbsp; &nbsp; &nbsp; &nbsp; Descargar Cuenta Publica 2014<\/p>\n","protected":false},"author":2,"featured_media":6980,"comment_status":"closed","ping_status":"open","sticky":false,"template":"","format":"standard","meta":{"footnotes":""},"categories":[6],"tags":[],"class_list":["post-6965","post","type-post","status-publish","format-standard","has-post-thumbnail","hentry","category-homepage"],"_links":{"self":[{"href":"https:\/\/muniromeral.cl\/romeral\/index.php?rest_route=\/wp\/v2\/posts\/6965","targetHints":{"allow":["GET"]}}],"collection":[{"href":"https:\/\/muniromeral.cl\/romeral\/index.php?rest_route=\/wp\/v2\/posts"}],"about":[{"href":"https:\/\/muniromeral.cl\/romeral\/index.php?rest_route=\/wp\/v2\/types\/post"}],"author":[{"embeddable":true,"href":"https:\/\/muniromeral.cl\/romeral\/index.php?rest_route=\/wp\/v2\/users\/2"}],"replies":[{"embeddable":true,"href":"https:\/\/muniromeral.cl\/romeral\/index.php?rest_route=%2Fwp%2Fv2%2Fcomments&post=6965"}],"version-history":[{"count":6,"href":"https:\/\/muniromeral.cl\/romeral\/index.php?rest_route=\/wp\/v2\/posts\/6965\/revisions"}],"predecessor-version":[{"id":6994,"href":"https:\/\/muniromeral.cl\/romeral\/index.php?rest_route=\/wp\/v2\/posts\/6965\/revisions\/6994"}],"wp:featuredmedia":[{"embeddable":true,"href":"https:\/\/muniromeral.cl\/romeral\/index.php?rest_route=\/wp\/v2\/media\/6980"}],"wp:attachment":[{"href":"https:\/\/muniromeral.cl\/romeral\/index.php?rest_route=%2Fwp%2Fv2%2Fmedia&parent=6965"}],"wp:term":[{"taxonomy":"category","embeddable":true,"href":"https:\/\/muniromeral.cl\/romeral\/index.php?rest_route=%2Fwp%2Fv2%2Fcategories&post=6965"},{"taxonomy":"post_tag","embeddable":true,"href":"https:\/\/muniromeral.cl\/romeral\/index.php?rest_route=%2Fwp%2Fv2%2Ftags&post=6965"}],"curies":[{"name":"wp","href":"https:\/\/api.w.org\/{rel}","templated":true}]}}