{"id":6996,"date":"2015-04-29T15:43:01","date_gmt":"2015-04-29T19:43:01","guid":{"rendered":"http:\/\/muniromeral.cl\/romeral\/?p=6996"},"modified":"2015-04-29T16:33:25","modified_gmt":"2015-04-29T20:33:25","slug":"alcalde-de-romeral-inaugura-proyecto-que-beneficia-directamente-a-personas-en-situacion-de-discapacidad","status":"publish","type":"post","link":"https:\/\/muniromeral.cl\/romeral\/?p=6996","title":{"rendered":"Alcalde de Romeral inaugura proyecto que beneficia directamente a personas en situaci\u00f3n de discapacidad"},"content":{"rendered":"<p><a href=\"https:\/\/muniromeral.cl\/romeral\/wp-content\/uploads\/2015\/04\/IMG_4561.jpg\"><img fetchpriority=\"high\" decoding=\"async\" class=\"alignleft size-medium wp-image-7013\" src=\"https:\/\/muniromeral.cl\/romeral\/wp-content\/uploads\/2015\/04\/IMG_4561-300x200.jpg\" alt=\"IMG_4561\" width=\"300\" height=\"200\" srcset=\"https:\/\/muniromeral.cl\/romeral\/wp-content\/uploads\/2015\/04\/IMG_4561-300x200.jpg 300w, https:\/\/muniromeral.cl\/romeral\/wp-content\/uploads\/2015\/04\/IMG_4561-1000x667.jpg 1000w\" sizes=\"(max-width: 300px) 100vw, 300px\" \/><\/a>Una peque\u00f1a, pero significativa ceremonia inaugural, dio pie a la actividad realizada por el municipio en conjunto con el Servicio Nacional de Discapacidad, Senadis, denominada \u00a0\u201cAccesibilidad a espacios comunes\u201d, proyecto que busca la inclusi\u00f3n de personas en situaci\u00f3n de discapacidad de la comuna.<\/p>\n<p>La actividad tuvo lugar en la intersecci\u00f3n de avenida Brasil con avenida Argentina donde se ubica el \u00e1rea de accesibilidad, lo que convierte a este proyecto municipal en el \u00fanico adjudicado en la regi\u00f3n, lo que sin duda, lo convierte en un proyecto de gran importancia.<\/p>\n<p>A la cita acudieron autoridades, encabezados por el alcalde Carlos Vergara y por Karen Jorquera, coordinadora de la Senadis, adem\u00e1s de los concejales Nicol\u00e1s Guti\u00e9rrez y Marco Dauvin, quien aplaudi\u00f3 la iniciativa que permitir\u00e1 facilitar el movimiento y desplazamiento de las personas que se movilizan en sillas de ruedas.<\/p>\n<p><strong>Ruta accesible<\/strong><\/p>\n<p>La idea de este proyecto es poder generar paulatinamente una ruta accesible en todo el centro urbano de la comuna a trav\u00e9s de 9 rebajes de veredas en puntos estrat\u00e9gicos al termino del proyecto, adem\u00e1s de concientizar y hacer parte a la comunidad acerca de la inclusi\u00f3n social de las personas en situaci\u00f3n de discapacidad.<\/p>\n<p>El alcalde de la comuna, se mostr\u00f3 comprometido con la causa y coment\u00f3 que la idea a futuro es que Romeral en su totalidad sea amigable con las personas en situaci\u00f3n de discapacidad.<\/p>\n<p>\u201cEste ha sido un gran proyecto para las personas en situaci\u00f3n de discapacidad. Esto es algo muy importante y nos pone un desaf\u00edo muy importante a futuro de ir pensando en\u00a0 todas las nuevas veredas que se vayan construyendo de romeral se consideren los rebajes de acera. Agradezco a los funcionarios que llevaron a cabo este proyecto y a la Senadis por este gran aporte para la comuna\u201d, coment\u00f3 el edil.<\/p>\n<p>Al finalizar el acto, se procedi\u00f3 al tradicional corte de cinta, lo que dio el puntapi\u00e9 inicial a este gran proyecto que busca la integraci\u00f3n y la inclusi\u00f3n de los romeralinos y visitantes en situaci\u00f3n de discapacidad.<\/p>\n<p>Cabe hacer menci\u00f3n que el presupuesto aportado por la Senadis fue 3 millones 828 mil pesos, lo que ser\u00e1 distribuido en\u00a0 estos nueve rebajes de vereda en la comuna.<\/p>\n<p><a href=\"https:\/\/muniromeral.cl\/romeral\/wp-content\/uploads\/2015\/04\/IMG_4530.jpg\"><img decoding=\"async\" class=\"alignleft size-medium wp-image-6997\" src=\"https:\/\/muniromeral.cl\/romeral\/wp-content\/uploads\/2015\/04\/IMG_4530-300x200.jpg\" alt=\"IMG_4530\" width=\"300\" height=\"200\" srcset=\"https:\/\/muniromeral.cl\/romeral\/wp-content\/uploads\/2015\/04\/IMG_4530-300x200.jpg 300w, https:\/\/muniromeral.cl\/romeral\/wp-content\/uploads\/2015\/04\/IMG_4530-1000x667.jpg 1000w\" sizes=\"(max-width: 300px) 100vw, 300px\" \/><\/a> <a href=\"https:\/\/muniromeral.cl\/romeral\/wp-content\/uploads\/2015\/04\/IMG_4534.jpg\"><img decoding=\"async\" class=\"alignleft size-medium wp-image-6998\" src=\"https:\/\/muniromeral.cl\/romeral\/wp-content\/uploads\/2015\/04\/IMG_4534-300x200.jpg\" alt=\"IMG_4534\" width=\"300\" height=\"200\" srcset=\"https:\/\/muniromeral.cl\/romeral\/wp-content\/uploads\/2015\/04\/IMG_4534-300x200.jpg 300w, https:\/\/muniromeral.cl\/romeral\/wp-content\/uploads\/2015\/04\/IMG_4534-1000x667.jpg 1000w\" sizes=\"(max-width: 300px) 100vw, 300px\" \/><\/a> <a href=\"https:\/\/muniromeral.cl\/romeral\/wp-content\/uploads\/2015\/04\/IMG_4537.jpg\"><img loading=\"lazy\" decoding=\"async\" class=\"alignleft size-medium wp-image-6999\" src=\"https:\/\/muniromeral.cl\/romeral\/wp-content\/uploads\/2015\/04\/IMG_4537-300x200.jpg\" alt=\"IMG_4537\" width=\"300\" height=\"200\" srcset=\"https:\/\/muniromeral.cl\/romeral\/wp-content\/uploads\/2015\/04\/IMG_4537-300x200.jpg 300w, https:\/\/muniromeral.cl\/romeral\/wp-content\/uploads\/2015\/04\/IMG_4537-1000x667.jpg 1000w\" sizes=\"(max-width: 300px) 100vw, 300px\" \/><\/a> <a href=\"https:\/\/muniromeral.cl\/romeral\/wp-content\/uploads\/2015\/04\/IMG_4540.jpg\"><img loading=\"lazy\" decoding=\"async\" class=\"alignleft size-medium wp-image-7000\" src=\"https:\/\/muniromeral.cl\/romeral\/wp-content\/uploads\/2015\/04\/IMG_4540-300x200.jpg\" alt=\"IMG_4540\" width=\"300\" height=\"200\" srcset=\"https:\/\/muniromeral.cl\/romeral\/wp-content\/uploads\/2015\/04\/IMG_4540-300x200.jpg 300w, https:\/\/muniromeral.cl\/romeral\/wp-content\/uploads\/2015\/04\/IMG_4540-1000x667.jpg 1000w\" sizes=\"(max-width: 300px) 100vw, 300px\" \/><\/a> <a href=\"https:\/\/muniromeral.cl\/romeral\/wp-content\/uploads\/2015\/04\/IMG_4547.jpg\"><img loading=\"lazy\" decoding=\"async\" class=\"alignleft size-medium wp-image-7001\" src=\"https:\/\/muniromeral.cl\/romeral\/wp-content\/uploads\/2015\/04\/IMG_4547-300x200.jpg\" alt=\"IMG_4547\" width=\"300\" height=\"200\" srcset=\"https:\/\/muniromeral.cl\/romeral\/wp-content\/uploads\/2015\/04\/IMG_4547-300x200.jpg 300w, https:\/\/muniromeral.cl\/romeral\/wp-content\/uploads\/2015\/04\/IMG_4547-1000x667.jpg 1000w\" sizes=\"(max-width: 300px) 100vw, 300px\" \/><\/a> <a href=\"https:\/\/muniromeral.cl\/romeral\/wp-content\/uploads\/2015\/04\/IMG_4549.jpg\"><img loading=\"lazy\" decoding=\"async\" class=\"alignleft size-medium wp-image-7002\" src=\"https:\/\/muniromeral.cl\/romeral\/wp-content\/uploads\/2015\/04\/IMG_4549-300x200.jpg\" alt=\"IMG_4549\" width=\"300\" height=\"200\" srcset=\"https:\/\/muniromeral.cl\/romeral\/wp-content\/uploads\/2015\/04\/IMG_4549-300x200.jpg 300w, https:\/\/muniromeral.cl\/romeral\/wp-content\/uploads\/2015\/04\/IMG_4549-1000x667.jpg 1000w\" sizes=\"(max-width: 300px) 100vw, 300px\" \/><\/a> <a href=\"https:\/\/muniromeral.cl\/romeral\/wp-content\/uploads\/2015\/04\/IMG_4550.jpg\"><img loading=\"lazy\" decoding=\"async\" class=\"alignleft size-medium wp-image-7003\" src=\"https:\/\/muniromeral.cl\/romeral\/wp-content\/uploads\/2015\/04\/IMG_4550-300x200.jpg\" alt=\"IMG_4550\" width=\"300\" height=\"200\" srcset=\"https:\/\/muniromeral.cl\/romeral\/wp-content\/uploads\/2015\/04\/IMG_4550-300x200.jpg 300w, https:\/\/muniromeral.cl\/romeral\/wp-content\/uploads\/2015\/04\/IMG_4550-1000x667.jpg 1000w\" sizes=\"(max-width: 300px) 100vw, 300px\" \/><\/a> <a href=\"https:\/\/muniromeral.cl\/romeral\/wp-content\/uploads\/2015\/04\/IMG_4555.jpg\"><img loading=\"lazy\" decoding=\"async\" class=\"alignleft size-medium wp-image-7004\" src=\"https:\/\/muniromeral.cl\/romeral\/wp-content\/uploads\/2015\/04\/IMG_4555-300x200.jpg\" alt=\"IMG_4555\" width=\"300\" height=\"200\" srcset=\"https:\/\/muniromeral.cl\/romeral\/wp-content\/uploads\/2015\/04\/IMG_4555-300x200.jpg 300w, https:\/\/muniromeral.cl\/romeral\/wp-content\/uploads\/2015\/04\/IMG_4555-1000x667.jpg 1000w\" sizes=\"(max-width: 300px) 100vw, 300px\" \/><\/a> <a href=\"https:\/\/muniromeral.cl\/romeral\/wp-content\/uploads\/2015\/04\/IMG_4558.jpg\"><img loading=\"lazy\" decoding=\"async\" class=\"alignleft size-medium wp-image-7005\" src=\"https:\/\/muniromeral.cl\/romeral\/wp-content\/uploads\/2015\/04\/IMG_4558-300x200.jpg\" alt=\"IMG_4558\" width=\"300\" height=\"200\" srcset=\"https:\/\/muniromeral.cl\/romeral\/wp-content\/uploads\/2015\/04\/IMG_4558-300x200.jpg 300w, https:\/\/muniromeral.cl\/romeral\/wp-content\/uploads\/2015\/04\/IMG_4558-1000x667.jpg 1000w\" sizes=\"(max-width: 300px) 100vw, 300px\" \/><\/a> <a href=\"https:\/\/muniromeral.cl\/romeral\/wp-content\/uploads\/2015\/04\/IMG_4574.jpg\"><img loading=\"lazy\" decoding=\"async\" class=\"alignleft size-medium wp-image-7006\" src=\"https:\/\/muniromeral.cl\/romeral\/wp-content\/uploads\/2015\/04\/IMG_4574-300x200.jpg\" alt=\"IMG_4574\" width=\"300\" height=\"200\" srcset=\"https:\/\/muniromeral.cl\/romeral\/wp-content\/uploads\/2015\/04\/IMG_4574-300x200.jpg 300w, https:\/\/muniromeral.cl\/romeral\/wp-content\/uploads\/2015\/04\/IMG_4574-1000x667.jpg 1000w\" sizes=\"(max-width: 300px) 100vw, 300px\" \/><\/a> <a href=\"https:\/\/muniromeral.cl\/romeral\/wp-content\/uploads\/2015\/04\/IMG_4586.jpg\"><img loading=\"lazy\" decoding=\"async\" class=\"alignleft size-medium wp-image-7007\" src=\"https:\/\/muniromeral.cl\/romeral\/wp-content\/uploads\/2015\/04\/IMG_4586-300x200.jpg\" alt=\"IMG_4586\" width=\"300\" height=\"200\" srcset=\"https:\/\/muniromeral.cl\/romeral\/wp-content\/uploads\/2015\/04\/IMG_4586-300x200.jpg 300w, https:\/\/muniromeral.cl\/romeral\/wp-content\/uploads\/2015\/04\/IMG_4586-1000x667.jpg 1000w\" sizes=\"(max-width: 300px) 100vw, 300px\" \/><\/a> <a href=\"https:\/\/muniromeral.cl\/romeral\/wp-content\/uploads\/2015\/04\/IMG_4589.jpg\"><img loading=\"lazy\" decoding=\"async\" class=\"alignleft size-medium wp-image-7008\" src=\"https:\/\/muniromeral.cl\/romeral\/wp-content\/uploads\/2015\/04\/IMG_4589-300x200.jpg\" alt=\"IMG_4589\" width=\"300\" height=\"200\" srcset=\"https:\/\/muniromeral.cl\/romeral\/wp-content\/uploads\/2015\/04\/IMG_4589-300x200.jpg 300w, https:\/\/muniromeral.cl\/romeral\/wp-content\/uploads\/2015\/04\/IMG_4589-1000x667.jpg 1000w\" sizes=\"(max-width: 300px) 100vw, 300px\" \/><\/a> <a href=\"https:\/\/muniromeral.cl\/romeral\/wp-content\/uploads\/2015\/04\/IMG_4591.jpg\"><img loading=\"lazy\" decoding=\"async\" class=\"alignleft size-medium wp-image-7009\" src=\"https:\/\/muniromeral.cl\/romeral\/wp-content\/uploads\/2015\/04\/IMG_4591-300x200.jpg\" alt=\"IMG_4591\" width=\"300\" height=\"200\" srcset=\"https:\/\/muniromeral.cl\/romeral\/wp-content\/uploads\/2015\/04\/IMG_4591-300x200.jpg 300w, https:\/\/muniromeral.cl\/romeral\/wp-content\/uploads\/2015\/04\/IMG_4591-1000x667.jpg 1000w\" sizes=\"(max-width: 300px) 100vw, 300px\" \/><\/a> <a href=\"https:\/\/muniromeral.cl\/romeral\/wp-content\/uploads\/2015\/04\/IMG_4592.jpg\"><img loading=\"lazy\" decoding=\"async\" class=\"alignleft size-medium wp-image-7010\" src=\"https:\/\/muniromeral.cl\/romeral\/wp-content\/uploads\/2015\/04\/IMG_4592-300x200.jpg\" alt=\"IMG_4592\" width=\"300\" height=\"200\" srcset=\"https:\/\/muniromeral.cl\/romeral\/wp-content\/uploads\/2015\/04\/IMG_4592-300x200.jpg 300w, https:\/\/muniromeral.cl\/romeral\/wp-content\/uploads\/2015\/04\/IMG_4592-1000x667.jpg 1000w\" sizes=\"(max-width: 300px) 100vw, 300px\" \/><\/a> <a href=\"https:\/\/muniromeral.cl\/romeral\/wp-content\/uploads\/2015\/04\/IMG_4593.jpg\"><img loading=\"lazy\" decoding=\"async\" class=\"alignleft size-medium wp-image-7011\" src=\"https:\/\/muniromeral.cl\/romeral\/wp-content\/uploads\/2015\/04\/IMG_4593-300x200.jpg\" alt=\"IMG_4593\" width=\"300\" height=\"200\" srcset=\"https:\/\/muniromeral.cl\/romeral\/wp-content\/uploads\/2015\/04\/IMG_4593-300x200.jpg 300w, https:\/\/muniromeral.cl\/romeral\/wp-content\/uploads\/2015\/04\/IMG_4593-1000x667.jpg 1000w\" sizes=\"(max-width: 300px) 100vw, 300px\" \/><\/a> <a href=\"https:\/\/muniromeral.cl\/romeral\/wp-content\/uploads\/2015\/04\/IMG_4595.jpg\"><img loading=\"lazy\" decoding=\"async\" class=\"alignleft size-medium wp-image-7012\" src=\"https:\/\/muniromeral.cl\/romeral\/wp-content\/uploads\/2015\/04\/IMG_4595-300x200.jpg\" alt=\"IMG_4595\" width=\"300\" height=\"200\" srcset=\"https:\/\/muniromeral.cl\/romeral\/wp-content\/uploads\/2015\/04\/IMG_4595-300x200.jpg 300w, https:\/\/muniromeral.cl\/romeral\/wp-content\/uploads\/2015\/04\/IMG_4595-1000x667.jpg 1000w\" sizes=\"(max-width: 300px) 100vw, 300px\" \/><\/a><\/p>\n","protected":false},"excerpt":{"rendered":"<p>Una peque\u00f1a, pero significativa ceremonia inaugural, dio pie a la actividad realizada por el municipio en conjunto con el Servicio Nacional de Discapacidad, Senadis, denominada \u00a0\u201cAccesibilidad a espacios comunes\u201d, proyecto que busca la inclusi\u00f3n de personas en situaci\u00f3n de discapacidad de la comuna. La actividad tuvo lugar en la intersecci\u00f3n de avenida Brasil con avenida Argentina donde se ubica el \u00e1rea de accesibilidad, lo que convierte a este proyecto municipal en el \u00fanico adjudicado en la regi\u00f3n, lo que sin duda, lo convierte en un proyecto de gran importancia. A la cita acudieron autoridades, encabezados por el alcalde Carlos Vergara y por Karen Jorquera, coordinadora de la Senadis, adem\u00e1s de los concejales Nicol\u00e1s Guti\u00e9rrez y Marco Dauvin, quien aplaudi\u00f3 la iniciativa que permitir\u00e1 facilitar el movimiento y desplazamiento de las personas que se movilizan en sillas de ruedas. Ruta accesible La idea de este proyecto es poder generar paulatinamente una ruta accesible en todo el centro urbano de la comuna a trav\u00e9s de 9 rebajes de veredas en puntos estrat\u00e9gicos al termino del proyecto, adem\u00e1s de concientizar y hacer parte a la comunidad acerca de la inclusi\u00f3n social de las personas en situaci\u00f3n de discapacidad. El alcalde de la comuna, se mostr\u00f3 comprometido con la causa y coment\u00f3 que la idea a futuro es que Romeral en su totalidad sea amigable con las personas en situaci\u00f3n de discapacidad. \u201cEste ha sido un gran proyecto para las personas en situaci\u00f3n de discapacidad. Esto es algo muy importante y nos pone un desaf\u00edo muy importante a futuro de ir pensando en\u00a0 todas las nuevas veredas que se vayan construyendo de romeral se consideren los rebajes de acera. Agradezco a los funcionarios que llevaron a cabo este proyecto y a la Senadis por este gran aporte para la comuna\u201d, coment\u00f3 el edil. Al finalizar el acto, se procedi\u00f3 al tradicional corte de cinta, lo que dio el puntapi\u00e9 inicial a este gran proyecto que busca la integraci\u00f3n y la inclusi\u00f3n de los romeralinos y visitantes en situaci\u00f3n de discapacidad. Cabe hacer menci\u00f3n que el presupuesto aportado por la Senadis fue 3 millones 828 mil pesos, lo que ser\u00e1 distribuido en\u00a0 estos nueve rebajes de vereda en la comuna.<\/p>\n","protected":false},"author":2,"featured_media":7013,"comment_status":"closed","ping_status":"open","sticky":false,"template":"","format":"standard","meta":{"footnotes":""},"categories":[2],"tags":[],"class_list":["post-6996","post","type-post","status-publish","format-standard","has-post-thumbnail","hentry","category-alcaldia"],"_links":{"self":[{"href":"https:\/\/muniromeral.cl\/romeral\/index.php?rest_route=\/wp\/v2\/posts\/6996","targetHints":{"allow":["GET"]}}],"collection":[{"href":"https:\/\/muniromeral.cl\/romeral\/index.php?rest_route=\/wp\/v2\/posts"}],"about":[{"href":"https:\/\/muniromeral.cl\/romeral\/index.php?rest_route=\/wp\/v2\/types\/post"}],"author":[{"embeddable":true,"href":"https:\/\/muniromeral.cl\/romeral\/index.php?rest_route=\/wp\/v2\/users\/2"}],"replies":[{"embeddable":true,"href":"https:\/\/muniromeral.cl\/romeral\/index.php?rest_route=%2Fwp%2Fv2%2Fcomments&post=6996"}],"version-history":[{"count":1,"href":"https:\/\/muniromeral.cl\/romeral\/index.php?rest_route=\/wp\/v2\/posts\/6996\/revisions"}],"predecessor-version":[{"id":7014,"href":"https:\/\/muniromeral.cl\/romeral\/index.php?rest_route=\/wp\/v2\/posts\/6996\/revisions\/7014"}],"wp:featuredmedia":[{"embeddable":true,"href":"https:\/\/muniromeral.cl\/romeral\/index.php?rest_route=\/wp\/v2\/media\/7013"}],"wp:attachment":[{"href":"https:\/\/muniromeral.cl\/romeral\/index.php?rest_route=%2Fwp%2Fv2%2Fmedia&parent=6996"}],"wp:term":[{"taxonomy":"category","embeddable":true,"href":"https:\/\/muniromeral.cl\/romeral\/index.php?rest_route=%2Fwp%2Fv2%2Fcategories&post=6996"},{"taxonomy":"post_tag","embeddable":true,"href":"https:\/\/muniromeral.cl\/romeral\/index.php?rest_route=%2Fwp%2Fv2%2Ftags&post=6996"}],"curies":[{"name":"wp","href":"https:\/\/api.w.org\/{rel}","templated":true}]}}